{"id":3663,"date":"2021-09-07T14:47:05","date_gmt":"2021-09-07T17:47:05","guid":{"rendered":"http:\/\/vocesdellangueyu.com.ar\/?p=3663"},"modified":"2021-09-07T14:47:09","modified_gmt":"2021-09-07T17:47:09","slug":"el-concejo-deliberante-aprobo-un-proyecto-de-comunicacion-donde-se-le-solicita-al-ejecutivo-que-instrumente-una-resolucion-contra-el-acoso-callejero","status":"publish","type":"post","link":"https:\/\/vdl-dev.coodesoft.com.ar\/index.php\/2021\/09\/07\/el-concejo-deliberante-aprobo-un-proyecto-de-comunicacion-donde-se-le-solicita-al-ejecutivo-que-instrumente-una-resolucion-contra-el-acoso-callejero\/","title":{"rendered":"EL CONCEJO DELIBERANTE APROB\u00d3 UN PROYECTO DE COMUNICACI\u00d3N DONDE SE LE SOLICITA AL EJECUTIVO QUE INSTRUMENTE UNA  RESOLUCI\u00d3N CONTRA EL ACOSO CALLEJERO"},"content":{"rendered":"\n<p><\/p>\n\n\n\n<p>En la\nprimera sesi\u00f3n Ordinaria de este mes el&nbsp;\nConcejo Deliberante aprob\u00f3 por unanimidad una Comunicaci\u00f3n en la\nque&nbsp; le solicitan al Departamento\nEjecutivo local que se instrumente una Resoluci\u00f3n sancionada en 2019 que aborda\nla problem\u00e1tica del acoso callejero.<\/p>\n\n\n\n<p>La Concejal D\u00e9bora\nGuti\u00e9rrez (Rauch pro la Inclusi\u00f3n) dijo que el motivo que impulsa la comunicaci\u00f3n\nes \u201cvisualizar el acoso callejero como un delito, que es una de las formas m\u00e1s\nnaturalizadas e invisibilizada de los actos de violencia contra las mujeres \u2026\nes importante que el Poder Ejecutivo pueda llevar adelante la instrumentaci\u00f3n\nde la resoluci\u00f3n 644 del a\u00f1o 2019 sobre acoso sexual callejero que fue&nbsp; sancionada por este Concejo\u201d. &nbsp;<\/p>\n\n\n\n<p>&nbsp;\u201cNos parece muy importante traer estos temas\nal recinto,&nbsp;&nbsp; debatirlos y darles contenido,\nes necesario&nbsp; trabajar a diario esta tipo\nde problem\u00e1ticas que vulneran&nbsp; derechos\nde las mujeres, desde el bloque creemos que debemos trabajar fuertemente en\nestos temas\u201d, se\u00f1al\u00f3 la Concejal Luciana Guzm\u00e1n del Frente de Todos.<\/p>\n\n\n\n<figure class=\"wp-block-image\"><img loading=\"lazy\" width=\"734\" height=\"608\" src=\"http:\/\/vocesdellangueyu.com.ar\/wp-content\/uploads\/2020\/11\/Debora.....jpeg\" alt=\"\" class=\"wp-image-1719\" srcset=\"https:\/\/vdl-dev.coodesoft.com.ar\/wp-content\/uploads\/2020\/11\/Debora.....jpeg 734w, https:\/\/vdl-dev.coodesoft.com.ar\/wp-content\/uploads\/2020\/11\/Debora....-300x249.jpeg 300w\" sizes=\"(max-width: 734px) 100vw, 734px\" \/><\/figure>\n","protected":false},"excerpt":{"rendered":"<p>En la primera sesi\u00f3n Ordinaria de este mes el&nbsp; Concejo Deliberante aprob\u00f3 por unanimidad una Comunicaci\u00f3n en la que&nbsp; le solicitan al Departamento Ejecutivo local que se instrumente una Resoluci\u00f3n sancionada en 2019 que aborda la problem\u00e1tica del acoso callejero. La Concejal D\u00e9bora Guti\u00e9rrez (Rauch pro la Inclusi\u00f3n) dijo que el motivo que impulsa la [&hellip;]<\/p>\n","protected":false},"author":4,"featured_media":905,"comment_status":"open","ping_status":"open","sticky":false,"template":"","format":"standard","meta":{"spay_email":"","jetpack_publicize_message":""},"categories":[17,11],"tags":[],"jetpack_featured_media_url":"https:\/\/vdl-dev.coodesoft.com.ar\/wp-content\/uploads\/2020\/08\/luciana.jpg","jetpack_publicize_connections":[],"jetpack_sharing_enabled":true,"jetpack_shortlink":"https:\/\/wp.me\/paQJuC-X5","_links":{"self":[{"href":"https:\/\/vdl-dev.coodesoft.com.ar\/index.php\/wp-json\/wp\/v2\/posts\/3663"}],"collection":[{"href":"https:\/\/vdl-dev.coodesoft.com.ar\/index.php\/wp-json\/wp\/v2\/posts"}],"about":[{"href":"https:\/\/vdl-dev.coodesoft.com.ar\/index.php\/wp-json\/wp\/v2\/types\/post"}],"author":[{"embeddable":true,"href":"https:\/\/vdl-dev.coodesoft.com.ar\/index.php\/wp-json\/wp\/v2\/users\/4"}],"replies":[{"embeddable":true,"href":"https:\/\/vdl-dev.coodesoft.com.ar\/index.php\/wp-json\/wp\/v2\/comments?post=3663"}],"version-history":[{"count":1,"href":"https:\/\/vdl-dev.coodesoft.com.ar\/index.php\/wp-json\/wp\/v2\/posts\/3663\/revisions"}],"predecessor-version":[{"id":3664,"href":"https:\/\/vdl-dev.coodesoft.com.ar\/index.php\/wp-json\/wp\/v2\/posts\/3663\/revisions\/3664"}],"wp:featuredmedia":[{"embeddable":true,"href":"https:\/\/vdl-dev.coodesoft.com.ar\/index.php\/wp-json\/wp\/v2\/media\/905"}],"wp:attachment":[{"href":"https:\/\/vdl-dev.coodesoft.com.ar\/index.php\/wp-json\/wp\/v2\/media?parent=3663"}],"wp:term":[{"taxonomy":"category","embeddable":true,"href":"https:\/\/vdl-dev.coodesoft.com.ar\/index.php\/wp-json\/wp\/v2\/categories?post=3663"},{"taxonomy":"post_tag","embeddable":true,"href":"https:\/\/vdl-dev.coodesoft.com.ar\/index.php\/wp-json\/wp\/v2\/tags?post=3663"}],"curies":[{"name":"wp","href":"https:\/\/api.w.org\/{rel}","templated":true}]}}