{"id":3690,"date":"2021-09-10T14:55:29","date_gmt":"2021-09-10T17:55:29","guid":{"rendered":"http:\/\/vocesdellangueyu.com.ar\/?p=3690"},"modified":"2021-09-10T14:55:32","modified_gmt":"2021-09-10T17:55:32","slug":"rauch-15-dias-sin-casos-positivos-de-coronavirus","status":"publish","type":"post","link":"https:\/\/vdl-dev.coodesoft.com.ar\/index.php\/2021\/09\/10\/rauch-15-dias-sin-casos-positivos-de-coronavirus\/","title":{"rendered":"RAUCH 15 D\u00cdAS SIN CASOS POSITIVOS DE CORONAVIRUS"},"content":{"rendered":"\n<p>El titular\ndel Sistema Municipal de Salud Juan Pedro Achaga actualiz\u00f3 la informaci\u00f3n de la\nsituaci\u00f3n sanitaria en Rauch, cuando se cumple una semana sin que se brinden\nlos partes epidemiol\u00f3gicos diarios ante la desaparici\u00f3n de casos activos.<\/p>\n\n\n\n<p>El funcionario\nratific\u00f3 que el panorama contin\u00faa sin cambios: cero casos activos. <\/p>\n\n\n\n<p>Adem\u00e1s\nse\u00f1al\u00f3 que van 15 d\u00edas sin detectar casos positivos con un promedio de 23 testeos\ndiarios. <\/p>\n\n\n\n<p>Achaga explic\u00f3\nque la decisi\u00f3n de no emitir los partes diarios es como \u201cir levantando\ncampamento por lo menos por ahora\u201d, aunque aclar\u00f3 que no significa un\nrelajamiento en las medidas preventivas que se toman desde el \u00e1rea de Salud, y\nque tampoco deber\u00eda implicar una desatenci\u00f3n de las medidas de cuidado que la\nsociedad debe todav\u00eda cumplir.<\/p>\n\n\n\n<p>Desde el\nSistema de Salud se hace hincapi\u00e9 en que est\u00e1 disponible el operativo de\ntesteos para quienes lleguen a Rauch con motivo de las elecciones este fin de\nsemana. <\/p>\n\n\n\n<p>Los\nhisopados se efect\u00faan en la Capilla San Jos\u00e9 \u2013a metros del Hospital sobre calle\nRondeau- de 9 a 12 horas. <\/p>\n\n\n\n<p>Para\naquellos que lleguen de viaje, fuera de ese horario, se les ofrece la\noportunidad de hacer el an\u00e1lisis en la Guardia del Hospital Municipal.<\/p>\n\n\n\n<p>\u201cLa\npreocupaci\u00f3n esta siempre, estamos como en una tensa calma, continuamente\nestamos haciendo protocolos diferentes para diferentes&nbsp; actividades\u201d.<\/p>\n\n\n\n<p>Achaga\nexplic\u00f3 que actividad desarrollar\u00e1 el Sistema de Salud el domingo durante la\njornada electoral, y que medidas preventivas deben adoptarse en materia\nsanitaria para concurrir a votar<\/p>\n\n\n\n<p>\u201cVamos a\nparticipar con comunicaci\u00f3n, hay un protocolo sanitario emitido por el\nMinisterio, se va a seguir&nbsp; trabajando en\nel tema de la distancia, todas las medidas son destinadas en que&nbsp; no haya contacto entre los que van a votar y\nlos fiscales o Presidente de mesa\u201d.<\/p>\n","protected":false},"excerpt":{"rendered":"<p>El titular del Sistema Municipal de Salud Juan Pedro Achaga actualiz\u00f3 la informaci\u00f3n de la situaci\u00f3n sanitaria en Rauch, cuando se cumple una semana sin que se brinden los partes epidemiol\u00f3gicos diarios ante la desaparici\u00f3n de casos activos. El funcionario ratific\u00f3 que el panorama contin\u00faa sin cambios: cero casos activos. Adem\u00e1s se\u00f1al\u00f3 que van 15 [&hellip;]<\/p>\n","protected":false},"author":4,"featured_media":3691,"comment_status":"open","ping_status":"open","sticky":false,"template":"","format":"standard","meta":{"spay_email":"","jetpack_publicize_message":""},"categories":[17,11,13],"tags":[],"jetpack_featured_media_url":"https:\/\/vdl-dev.coodesoft.com.ar\/wp-content\/uploads\/2021\/09\/achaga-nuevo.jpeg","jetpack_publicize_connections":[],"jetpack_sharing_enabled":true,"jetpack_shortlink":"https:\/\/wp.me\/paQJuC-Xw","_links":{"self":[{"href":"https:\/\/vdl-dev.coodesoft.com.ar\/index.php\/wp-json\/wp\/v2\/posts\/3690"}],"collection":[{"href":"https:\/\/vdl-dev.coodesoft.com.ar\/index.php\/wp-json\/wp\/v2\/posts"}],"about":[{"href":"https:\/\/vdl-dev.coodesoft.com.ar\/index.php\/wp-json\/wp\/v2\/types\/post"}],"author":[{"embeddable":true,"href":"https:\/\/vdl-dev.coodesoft.com.ar\/index.php\/wp-json\/wp\/v2\/users\/4"}],"replies":[{"embeddable":true,"href":"https:\/\/vdl-dev.coodesoft.com.ar\/index.php\/wp-json\/wp\/v2\/comments?post=3690"}],"version-history":[{"count":1,"href":"https:\/\/vdl-dev.coodesoft.com.ar\/index.php\/wp-json\/wp\/v2\/posts\/3690\/revisions"}],"predecessor-version":[{"id":3692,"href":"https:\/\/vdl-dev.coodesoft.com.ar\/index.php\/wp-json\/wp\/v2\/posts\/3690\/revisions\/3692"}],"wp:featuredmedia":[{"embeddable":true,"href":"https:\/\/vdl-dev.coodesoft.com.ar\/index.php\/wp-json\/wp\/v2\/media\/3691"}],"wp:attachment":[{"href":"https:\/\/vdl-dev.coodesoft.com.ar\/index.php\/wp-json\/wp\/v2\/media?parent=3690"}],"wp:term":[{"taxonomy":"category","embeddable":true,"href":"https:\/\/vdl-dev.coodesoft.com.ar\/index.php\/wp-json\/wp\/v2\/categories?post=3690"},{"taxonomy":"post_tag","embeddable":true,"href":"https:\/\/vdl-dev.coodesoft.com.ar\/index.php\/wp-json\/wp\/v2\/tags?post=3690"}],"curies":[{"name":"wp","href":"https:\/\/api.w.org\/{rel}","templated":true}]}}