{"id":3694,"date":"2021-09-10T15:05:49","date_gmt":"2021-09-10T18:05:49","guid":{"rendered":"http:\/\/vocesdellangueyu.com.ar\/?p=3694"},"modified":"2021-09-10T15:05:52","modified_gmt":"2021-09-10T18:05:52","slug":"se-realizo-hoy-el-acto-para-celebrar-el-dia-del-maestro","status":"publish","type":"post","link":"https:\/\/vdl-dev.coodesoft.com.ar\/index.php\/2021\/09\/10\/se-realizo-hoy-el-acto-para-celebrar-el-dia-del-maestro\/","title":{"rendered":"SE REALIZ\u00d3 HOY EL ACTO PARA CELEBRAR EL D\u00cdA DEL MAESTRO"},"content":{"rendered":"\n<p>Frente al\nedificio de la Benem\u00e9rita Escuela N\u00ba 1, en la esquina de Letamendi y avenida\nBelgrano, se realiz\u00f3 esta ma\u00f1ana el acto central para conmemorar el D\u00eda del\nMaestro, que se celebrar\u00e1 ma\u00f1ana.<\/p>\n\n\n\n<p>Estuvo\nencabezado por las principales autoridades educativas del Distrito, buena parte\nde los funcionarios del Ejecutivo local \u2013no estuvo el Intendente Municipal\nMaximiliano Suescun por una dolencia que lo aqueja desde hace varios d\u00edas-,\nmiembros del Consejo Escolar, representantes gremiales de&nbsp; los docentes y concejales de todos&nbsp; los bloques.<\/p>\n\n\n\n<p>Las\nautoridades de la escuela hab\u00edan delimitado con cintas un per\u00edmetro para los\ninvitados que estaban sentados cerca del lugar del acto, y m\u00e1s alejado el\np\u00fablico en general que \u2013en poca cantidad- se acerc\u00f3, ubicado a varios metros,\nsobre la vereda de la plaza.<\/p>\n\n\n\n<p>Tambi\u00e9n\nfueron pocas las instituciones educativas que enviaron sus abanderados.<\/p>\n\n\n\n<p>Se\nentregaron reconocimientos a docentes que se jubilaron recientemente<\/p>\n\n\n\n<p>Las palabras\nalusivas estuvieron a cargo de Jimena Fructuoso, Directora de la Escuela\nanfitriona y de Valeria Spina, Inspectora de Educaci\u00f3n Primaria.<\/p>\n\n\n\n<p>Jimena\nFructuoso, Directora de la Escuela Primaria N\u00ba 1 homenajeo y agradeci\u00f3 a todos\nlos que hacen posible que el acto educativo sea posible.<\/p>\n\n\n\n<p>Valeria\nSpina, Inspectora de Educaci\u00f3n Primaria sostuvo que \u201choy gracias al esfuerzo de\ntodos los que integramos la comunidad educativa volvemos a ver los momentos en\nel aula, dispuestos a poner el mayor esfuerzo para lograr que&nbsp; todos aprendan lo que tienen que aprender\nrespetando sus particularidades, sus tiempos sus modos de aprender\u201d.<\/p>\n\n\n\n<p>Daniel Hugo,\nen representaci\u00f3n del Cura P\u00e1rroco local Lisandro V\u00edttola y el Pastor El\u00edas\nRuiz tuvieron a su cargo la bendici\u00f3n del acto, en el que se coloc\u00f3 una ofrenda\nfloral a los pies del busto que homenajea a Sarmiento, y los alumnos y alumnas\ndel establecimiento educativo realizaron representaciones art\u00edsticas alusivas a\nla fecha.<\/p>\n","protected":false},"excerpt":{"rendered":"<p>Frente al edificio de la Benem\u00e9rita Escuela N\u00ba 1, en la esquina de Letamendi y avenida Belgrano, se realiz\u00f3 esta ma\u00f1ana el acto central para conmemorar el D\u00eda del Maestro, que se celebrar\u00e1 ma\u00f1ana. Estuvo encabezado por las principales autoridades educativas del Distrito, buena parte de los funcionarios del Ejecutivo local \u2013no estuvo el Intendente [&hellip;]<\/p>\n","protected":false},"author":4,"featured_media":3695,"comment_status":"open","ping_status":"open","sticky":false,"template":"","format":"standard","meta":{"spay_email":"","jetpack_publicize_message":""},"categories":[11,13],"tags":[],"jetpack_featured_media_url":"https:\/\/vdl-dev.coodesoft.com.ar\/wp-content\/uploads\/2021\/09\/dia-del-maestro21.jpeg","jetpack_publicize_connections":[],"jetpack_sharing_enabled":true,"jetpack_shortlink":"https:\/\/wp.me\/paQJuC-XA","_links":{"self":[{"href":"https:\/\/vdl-dev.coodesoft.com.ar\/index.php\/wp-json\/wp\/v2\/posts\/3694"}],"collection":[{"href":"https:\/\/vdl-dev.coodesoft.com.ar\/index.php\/wp-json\/wp\/v2\/posts"}],"about":[{"href":"https:\/\/vdl-dev.coodesoft.com.ar\/index.php\/wp-json\/wp\/v2\/types\/post"}],"author":[{"embeddable":true,"href":"https:\/\/vdl-dev.coodesoft.com.ar\/index.php\/wp-json\/wp\/v2\/users\/4"}],"replies":[{"embeddable":true,"href":"https:\/\/vdl-dev.coodesoft.com.ar\/index.php\/wp-json\/wp\/v2\/comments?post=3694"}],"version-history":[{"count":1,"href":"https:\/\/vdl-dev.coodesoft.com.ar\/index.php\/wp-json\/wp\/v2\/posts\/3694\/revisions"}],"predecessor-version":[{"id":3696,"href":"https:\/\/vdl-dev.coodesoft.com.ar\/index.php\/wp-json\/wp\/v2\/posts\/3694\/revisions\/3696"}],"wp:featuredmedia":[{"embeddable":true,"href":"https:\/\/vdl-dev.coodesoft.com.ar\/index.php\/wp-json\/wp\/v2\/media\/3695"}],"wp:attachment":[{"href":"https:\/\/vdl-dev.coodesoft.com.ar\/index.php\/wp-json\/wp\/v2\/media?parent=3694"}],"wp:term":[{"taxonomy":"category","embeddable":true,"href":"https:\/\/vdl-dev.coodesoft.com.ar\/index.php\/wp-json\/wp\/v2\/categories?post=3694"},{"taxonomy":"post_tag","embeddable":true,"href":"https:\/\/vdl-dev.coodesoft.com.ar\/index.php\/wp-json\/wp\/v2\/tags?post=3694"}],"curies":[{"name":"wp","href":"https:\/\/api.w.org\/{rel}","templated":true}]}}