{"id":3723,"date":"2021-09-21T17:47:00","date_gmt":"2021-09-21T20:47:00","guid":{"rendered":"http:\/\/vocesdellangueyu.com.ar\/?p=3723"},"modified":"2021-09-21T17:47:03","modified_gmt":"2021-09-21T20:47:03","slug":"el-concejo-aprobo-el-congelamiento-de-las-cuotas-para-los-beneficiarios-de-mi-terreno-en-mi-ciudad-por-180-dias","status":"publish","type":"post","link":"https:\/\/vdl-dev.coodesoft.com.ar\/index.php\/2021\/09\/21\/el-concejo-aprobo-el-congelamiento-de-las-cuotas-para-los-beneficiarios-de-mi-terreno-en-mi-ciudad-por-180-dias\/","title":{"rendered":"EL CONCEJO APROB\u00d3 EL CONGELAMIENTO DE LAS CUOTAS PARA LOS BENEFICIARIOS DE \u201cMI TERRENO EN MI CIUDAD\u201d POR 180 D\u00cdAS"},"content":{"rendered":"\n<figure class=\"wp-block-image\"><img loading=\"lazy\" width=\"737\" height=\"591\" src=\"https:\/\/vocesdellangueyu.com.ar\/wp-content\/uploads\/2021\/09\/WhatsApp-Image-2021-09-21-at-12.23.44-PM-1.jpeg\" alt=\"\" class=\"wp-image-3725\" srcset=\"https:\/\/vdl-dev.coodesoft.com.ar\/wp-content\/uploads\/2021\/09\/WhatsApp-Image-2021-09-21-at-12.23.44-PM-1.jpeg 737w, https:\/\/vdl-dev.coodesoft.com.ar\/wp-content\/uploads\/2021\/09\/WhatsApp-Image-2021-09-21-at-12.23.44-PM-1-300x241.jpeg 300w\" sizes=\"(max-width: 737px) 100vw, 737px\" \/><\/figure>\n\n\n\n<p>Mar\u00eda Lamarche, Concejal Frente de Todos <\/p>\n\n\n\n<p>El Concejo Deliberante\naprob\u00f3 por unanimidad el proyecto que prev\u00e9 la suspensi\u00f3n de la actualizaci\u00f3n\nde las cuotas a los beneficiarios del programa Mi Terreno en Mi Ciudad.<\/p>\n\n\n\n<p>La\niniciativa fue presentada por el bloque del Frente de Todos y cont\u00f3 con el\nacompa\u00f1amiento de las dem\u00e1s bancadas en la Sesi\u00f3n Ordinaria de esta ma\u00f1ana.<\/p>\n\n\n\n<p>El proyecto\nb\u00e1sicamente tiende a contemplar cambios en la situaci\u00f3n socioecon\u00f3mica de las\nfamilias beneficiadas desde el momento de la adjudicaci\u00f3n hasta la actualidad.<\/p>\n\n\n\n<p>Mar\u00eda\nLamarche, Concejal por el Frente de Todos, explic\u00f3 que \u201cel programa no ha\nalcanzado para conseguir los objetivos reales de la construcci\u00f3n de la vivienda\n\u00fanica de uso permanente, solo son 6 familias las que han podidos avanzar con la\nobra y otras 60 familias que no lo han podido hacer\u201d.<\/p>\n\n\n\n<p>\u201cCreemos que\nes necesario que durante 6 meses se congele el monto de la cuota\u201d.<\/p>\n\n\n\n<p>&nbsp;Leandro Zudaire, Concejal por el bloque de\nCambiemos, sostuvo que \u201clas&nbsp; familias se\nhan visto muy afectadas por los problemas de la inflaci\u00f3n el \u00faltimo a\u00f1o, desde\nnuestro lugar vamos a acompa\u00f1ar este proyecto de ordenanza que va a ayudar y\nacompa\u00f1ar pero no va a solucionar el problema de fondo\u201d.<\/p>\n","protected":false},"excerpt":{"rendered":"<p>Mar\u00eda Lamarche, Concejal Frente de Todos El Concejo Deliberante aprob\u00f3 por unanimidad el proyecto que prev\u00e9 la suspensi\u00f3n de la actualizaci\u00f3n de las cuotas a los beneficiarios del programa Mi Terreno en Mi Ciudad. La iniciativa fue presentada por el bloque del Frente de Todos y cont\u00f3 con el acompa\u00f1amiento de las dem\u00e1s bancadas en [&hellip;]<\/p>\n","protected":false},"author":4,"featured_media":3724,"comment_status":"open","ping_status":"open","sticky":false,"template":"","format":"standard","meta":{"spay_email":"","jetpack_publicize_message":""},"categories":[17,11],"tags":[],"jetpack_featured_media_url":"https:\/\/vdl-dev.coodesoft.com.ar\/wp-content\/uploads\/2021\/09\/WhatsApp-Image-2021-09-21-at-12.23.44-PM.jpeg","jetpack_publicize_connections":[],"jetpack_sharing_enabled":true,"jetpack_shortlink":"https:\/\/wp.me\/paQJuC-Y3","_links":{"self":[{"href":"https:\/\/vdl-dev.coodesoft.com.ar\/index.php\/wp-json\/wp\/v2\/posts\/3723"}],"collection":[{"href":"https:\/\/vdl-dev.coodesoft.com.ar\/index.php\/wp-json\/wp\/v2\/posts"}],"about":[{"href":"https:\/\/vdl-dev.coodesoft.com.ar\/index.php\/wp-json\/wp\/v2\/types\/post"}],"author":[{"embeddable":true,"href":"https:\/\/vdl-dev.coodesoft.com.ar\/index.php\/wp-json\/wp\/v2\/users\/4"}],"replies":[{"embeddable":true,"href":"https:\/\/vdl-dev.coodesoft.com.ar\/index.php\/wp-json\/wp\/v2\/comments?post=3723"}],"version-history":[{"count":1,"href":"https:\/\/vdl-dev.coodesoft.com.ar\/index.php\/wp-json\/wp\/v2\/posts\/3723\/revisions"}],"predecessor-version":[{"id":3726,"href":"https:\/\/vdl-dev.coodesoft.com.ar\/index.php\/wp-json\/wp\/v2\/posts\/3723\/revisions\/3726"}],"wp:featuredmedia":[{"embeddable":true,"href":"https:\/\/vdl-dev.coodesoft.com.ar\/index.php\/wp-json\/wp\/v2\/media\/3724"}],"wp:attachment":[{"href":"https:\/\/vdl-dev.coodesoft.com.ar\/index.php\/wp-json\/wp\/v2\/media?parent=3723"}],"wp:term":[{"taxonomy":"category","embeddable":true,"href":"https:\/\/vdl-dev.coodesoft.com.ar\/index.php\/wp-json\/wp\/v2\/categories?post=3723"},{"taxonomy":"post_tag","embeddable":true,"href":"https:\/\/vdl-dev.coodesoft.com.ar\/index.php\/wp-json\/wp\/v2\/tags?post=3723"}],"curies":[{"name":"wp","href":"https:\/\/api.w.org\/{rel}","templated":true}]}}