{"id":3750,"date":"2021-09-23T14:31:48","date_gmt":"2021-09-23T17:31:48","guid":{"rendered":"http:\/\/vocesdellangueyu.com.ar\/?p=3750"},"modified":"2021-09-23T14:31:52","modified_gmt":"2021-09-23T17:31:52","slug":"los-comedores-escolares-de-rauch-deberian-reabrir-desde-el-1-de-octubre-pero-adelantaron-que-seguiran-entregando-los-bolsones-alimentarios","status":"publish","type":"post","link":"https:\/\/vdl-dev.coodesoft.com.ar\/index.php\/2021\/09\/23\/los-comedores-escolares-de-rauch-deberian-reabrir-desde-el-1-de-octubre-pero-adelantaron-que-seguiran-entregando-los-bolsones-alimentarios\/","title":{"rendered":"LOS COMEDORES ESCOLARES DE RAUCH DEBER\u00cdAN REABRIR DESDE EL 1 DE OCTUBRE PERO ADELANTARON QUE SEGUIR\u00c1N ENTREGANDO LOS BOLSONES ALIMENTARIOS"},"content":{"rendered":"\n<p><\/p>\n\n\n\n<p>El\nGobernador de la Provincia de Buenos Aires Axel Kicillof anunci\u00f3 esta semana\nque desde el 1 de octubre se reabrir\u00e1n los comedores escolares en el territorio\nbonaerense tras el cierre que debi\u00f3 hacerse a ra\u00edz de la pandemia.<\/p>\n\n\n\n<p>Esta ma\u00f1ana\nla Presidenta del Consejo Escolar de Rauch Mar\u00eda Laborde confirm\u00f3 que mediante\nuna comunicaci\u00f3n telef\u00f3nica de parte de autoridades del Servicio Alimentario\nEscolar (SAE) de la Regi\u00f3n 17, se confirm\u00f3 que as\u00ed deber\u00eda ocurrir en Rauch.<\/p>\n\n\n\n<p>De todas\nformas aclar\u00f3 que a\u00fan aguardan la confirmaci\u00f3n oficial de la novedad, y que\nadem\u00e1s deber\u00e1 actualizarse el valor del cupo para la compra de los insumos\nnecesarios y los men\u00fas sugeridos.<\/p>\n\n\n\n<p>Laborde\nanticip\u00f3 que durante el mes de octubre tambi\u00e9n se garantizar\u00e1 la entrega de los\nbolsones alimentarios, la herramienta que se utiliz\u00f3 cuando se determin\u00f3 el\ncierre de los comedores por la pandemia de coronavirus. <\/p>\n\n\n\n<p>Estim\u00f3 que\nla decisi\u00f3n podr\u00eda deberse a que por lo ajustado de los tiempos, no pudiera\ngarantizarse la apertura de los comedores en la fecha establecida. <\/p>\n\n\n\n<p>En los\ncomedores escolares de la ciudad se atienden a unos 180 alumnos y alumnas.<\/p>\n\n\n\n<p>\u201cTenemos que\nsaber cu\u00e1nto es el valor del cupo para la contrataci\u00f3n, si bien a partir del 1\nde octubre van a estar en marcha los comedores no puedo decir hoy que nosotros\npodamos garantizarlo si no tenemos determinado cuanto nos pagan por cada uno de\nlos alumnos, estamos a la espera de esa comunicaci\u00f3n para determinar el men\u00fa distrital\ny hacer la contrataci\u00f3n correspondiente\u201d.<\/p>\n","protected":false},"excerpt":{"rendered":"<p>El Gobernador de la Provincia de Buenos Aires Axel Kicillof anunci\u00f3 esta semana que desde el 1 de octubre se reabrir\u00e1n los comedores escolares en el territorio bonaerense tras el cierre que debi\u00f3 hacerse a ra\u00edz de la pandemia. Esta ma\u00f1ana la Presidenta del Consejo Escolar de Rauch Mar\u00eda Laborde confirm\u00f3 que mediante una comunicaci\u00f3n [&hellip;]<\/p>\n","protected":false},"author":4,"featured_media":3751,"comment_status":"open","ping_status":"open","sticky":false,"template":"","format":"standard","meta":{"spay_email":"","jetpack_publicize_message":""},"categories":[11,13],"tags":[],"jetpack_featured_media_url":"https:\/\/vdl-dev.coodesoft.com.ar\/wp-content\/uploads\/2021\/09\/comedor-e-scolar.jpeg","jetpack_publicize_connections":[],"jetpack_sharing_enabled":true,"jetpack_shortlink":"https:\/\/wp.me\/paQJuC-Yu","_links":{"self":[{"href":"https:\/\/vdl-dev.coodesoft.com.ar\/index.php\/wp-json\/wp\/v2\/posts\/3750"}],"collection":[{"href":"https:\/\/vdl-dev.coodesoft.com.ar\/index.php\/wp-json\/wp\/v2\/posts"}],"about":[{"href":"https:\/\/vdl-dev.coodesoft.com.ar\/index.php\/wp-json\/wp\/v2\/types\/post"}],"author":[{"embeddable":true,"href":"https:\/\/vdl-dev.coodesoft.com.ar\/index.php\/wp-json\/wp\/v2\/users\/4"}],"replies":[{"embeddable":true,"href":"https:\/\/vdl-dev.coodesoft.com.ar\/index.php\/wp-json\/wp\/v2\/comments?post=3750"}],"version-history":[{"count":1,"href":"https:\/\/vdl-dev.coodesoft.com.ar\/index.php\/wp-json\/wp\/v2\/posts\/3750\/revisions"}],"predecessor-version":[{"id":3752,"href":"https:\/\/vdl-dev.coodesoft.com.ar\/index.php\/wp-json\/wp\/v2\/posts\/3750\/revisions\/3752"}],"wp:featuredmedia":[{"embeddable":true,"href":"https:\/\/vdl-dev.coodesoft.com.ar\/index.php\/wp-json\/wp\/v2\/media\/3751"}],"wp:attachment":[{"href":"https:\/\/vdl-dev.coodesoft.com.ar\/index.php\/wp-json\/wp\/v2\/media?parent=3750"}],"wp:term":[{"taxonomy":"category","embeddable":true,"href":"https:\/\/vdl-dev.coodesoft.com.ar\/index.php\/wp-json\/wp\/v2\/categories?post=3750"},{"taxonomy":"post_tag","embeddable":true,"href":"https:\/\/vdl-dev.coodesoft.com.ar\/index.php\/wp-json\/wp\/v2\/tags?post=3750"}],"curies":[{"name":"wp","href":"https:\/\/api.w.org\/{rel}","templated":true}]}}