{"id":3761,"date":"2021-09-24T15:08:36","date_gmt":"2021-09-24T18:08:36","guid":{"rendered":"http:\/\/vocesdellangueyu.com.ar\/?p=3761"},"modified":"2021-09-24T15:08:39","modified_gmt":"2021-09-24T18:08:39","slug":"los-municipales-podrian-tener-un-incremento-salarial-de-10-con-los-sueldos-de-septiembre-y-el-sindicato-pidio-un-bono-para-fin-de-ano","status":"publish","type":"post","link":"https:\/\/vdl-dev.coodesoft.com.ar\/index.php\/2021\/09\/24\/los-municipales-podrian-tener-un-incremento-salarial-de-10-con-los-sueldos-de-septiembre-y-el-sindicato-pidio-un-bono-para-fin-de-ano\/","title":{"rendered":"LOS MUNICIPALES PODR\u00cdAN TENER UN INCREMENTO SALARIAL DE 10% CON LOS SUELDOS DE SEPTIEMBRE Y EL SINDICATO PIDI\u00d3 UN BONO PARA FIN DE A\u00d1O"},"content":{"rendered":"\n<p>Tras una\nreuni\u00f3n que se realiz\u00f3 ayer entre el Intendente Municipal Maximiliano Suescun y\nreferentes de los diferentes gremios que representan a los trabajadores\nmunicipales se habr\u00eda avanzado en la posibilidad de otorgar un aumento salarial\nde 10% que se percibir\u00eda con los haberes de septiembre.<\/p>\n\n\n\n<p>Maximiliano\nRattigu\u00e9n, Secretario General del Sindicato de Trabajadores Municipales\nconfirm\u00f3 los detalles del encuentro, que tendr\u00edan una definici\u00f3n entre el lunes\ny el martes pr\u00f3ximos.<\/p>\n\n\n\n<p>Adem\u00e1s en el\nencuentro se sigui\u00f3 evaluando el proceso de re categorizaciones del personal,\nque seg\u00fan los gremios, est\u00e1 inconcluso.<\/p>\n\n\n\n<p>Rattigu\u00e9n\nse\u00f1al\u00f3 tambi\u00e9n que reclamaron ayer que el gobierno estudie la posibilidad de\notorgar un bono para fin de a\u00f1o.<\/p>\n\n\n\n<p>\u201cNosotros\ncobrar\u00edamos en los primeros d\u00edas de octubre con el&nbsp; sueldo de septiembre \u2026 esto est\u00e1 firmado\ndesde enero de este a\u00f1o\u201d.<\/p>\n\n\n\n<p>\u201cTambi\u00e9n se\ntrat\u00f3 el tema de la re categorizaci\u00f3n para seguir trabajando en eso antes que\ntermine el a\u00f1o, y tambi\u00e9n se trat\u00f3 del tema del PROME y lo del bono de fin de\na\u00f1o, no nos dijeron que no ni que s\u00ed\u201d.<\/p>\n\n\n\n<p>El gobierno\ny la mayor\u00eda de los gremios acordaron a principios de a\u00f1o atar los aumentos al\nporcentaje de inflaci\u00f3n, que se supone establece \u00edndices por debajo de los\naumentos reales de los productos de la canasta b\u00e1sica, por lo que Rattigu\u00e9n\nadelant\u00f3 que la intenci\u00f3n del gremio es modificar esa f\u00f3rmula para el a\u00f1o\nentrante.<\/p>\n","protected":false},"excerpt":{"rendered":"<p>Tras una reuni\u00f3n que se realiz\u00f3 ayer entre el Intendente Municipal Maximiliano Suescun y referentes de los diferentes gremios que representan a los trabajadores municipales se habr\u00eda avanzado en la posibilidad de otorgar un aumento salarial de 10% que se percibir\u00eda con los haberes de septiembre. Maximiliano Rattigu\u00e9n, Secretario General del Sindicato de Trabajadores Municipales [&hellip;]<\/p>\n","protected":false},"author":4,"featured_media":3762,"comment_status":"open","ping_status":"open","sticky":false,"template":"","format":"standard","meta":{"spay_email":"","jetpack_publicize_message":""},"categories":[17,11],"tags":[],"jetpack_featured_media_url":"https:\/\/vdl-dev.coodesoft.com.ar\/wp-content\/uploads\/2021\/09\/acuerdo-ate.jpeg","jetpack_publicize_connections":[],"jetpack_sharing_enabled":true,"jetpack_shortlink":"https:\/\/wp.me\/paQJuC-YF","_links":{"self":[{"href":"https:\/\/vdl-dev.coodesoft.com.ar\/index.php\/wp-json\/wp\/v2\/posts\/3761"}],"collection":[{"href":"https:\/\/vdl-dev.coodesoft.com.ar\/index.php\/wp-json\/wp\/v2\/posts"}],"about":[{"href":"https:\/\/vdl-dev.coodesoft.com.ar\/index.php\/wp-json\/wp\/v2\/types\/post"}],"author":[{"embeddable":true,"href":"https:\/\/vdl-dev.coodesoft.com.ar\/index.php\/wp-json\/wp\/v2\/users\/4"}],"replies":[{"embeddable":true,"href":"https:\/\/vdl-dev.coodesoft.com.ar\/index.php\/wp-json\/wp\/v2\/comments?post=3761"}],"version-history":[{"count":1,"href":"https:\/\/vdl-dev.coodesoft.com.ar\/index.php\/wp-json\/wp\/v2\/posts\/3761\/revisions"}],"predecessor-version":[{"id":3763,"href":"https:\/\/vdl-dev.coodesoft.com.ar\/index.php\/wp-json\/wp\/v2\/posts\/3761\/revisions\/3763"}],"wp:featuredmedia":[{"embeddable":true,"href":"https:\/\/vdl-dev.coodesoft.com.ar\/index.php\/wp-json\/wp\/v2\/media\/3762"}],"wp:attachment":[{"href":"https:\/\/vdl-dev.coodesoft.com.ar\/index.php\/wp-json\/wp\/v2\/media?parent=3761"}],"wp:term":[{"taxonomy":"category","embeddable":true,"href":"https:\/\/vdl-dev.coodesoft.com.ar\/index.php\/wp-json\/wp\/v2\/categories?post=3761"},{"taxonomy":"post_tag","embeddable":true,"href":"https:\/\/vdl-dev.coodesoft.com.ar\/index.php\/wp-json\/wp\/v2\/tags?post=3761"}],"curies":[{"name":"wp","href":"https:\/\/api.w.org\/{rel}","templated":true}]}}