{"id":3765,"date":"2021-09-24T15:18:09","date_gmt":"2021-09-24T18:18:09","guid":{"rendered":"http:\/\/vocesdellangueyu.com.ar\/?p=3765"},"modified":"2021-09-24T15:18:12","modified_gmt":"2021-09-24T18:18:12","slug":"dirigentes-de-ate-plantean-su-disconformidad-con-los-aumentos-a-los-municipales","status":"publish","type":"post","link":"https:\/\/vdl-dev.coodesoft.com.ar\/index.php\/2021\/09\/24\/dirigentes-de-ate-plantean-su-disconformidad-con-los-aumentos-a-los-municipales\/","title":{"rendered":"DIRIGENTES DE ATE PLANTEAN SU DISCONFORMIDAD CON LOS AUMENTOS A LOS MUNICIPALES"},"content":{"rendered":"\n<p>Dirigentes\ndel gremio ATE, con representaci\u00f3n entre los municipales, siguen planteando sus\ndiscrepancias con respecto al acuerdo salarial acordado en su momento entre la\nmayor\u00eda de los gremios y el Ejecutivo Municipal y que establecer\u00eda un aumento\nde un 10% en el salario a cobrar con los sueldos de septiembre.<\/p>\n\n\n\n<p>As\u00ed lo\nexplic\u00f3 el dirigente del sector Rodolfo Lavall\u00e9n, que pone en tela de juicio\nlos datos que el INDEC arroja en materia inflacionaria, debido a que argumenta\nque el aumento de los productos de la canasta b\u00e1sica es superior.<\/p>\n\n\n\n<p>Por otra\nparte cuestion\u00f3 que el Ejecutivo local establece los incrementos tomando como punto\nde partida el Sueldo B\u00e1sico de enero de 2021 y no el \u00faltimo que result\u00f3 con las\nmejoras anteriores incorporadas.<\/p>\n\n\n\n<p>\u201cNosotros\ndesde&nbsp; ATE hicimos una propuesta a\nprincipio de a\u00f1o de una recomposici\u00f3n salarial para el 2021 que fue rechazada,\nla segunda propuesta fue que a la inflaci\u00f3n se le sume un punto por mes y que\ntodos los aumentos impacten sobre el \u00faltimo salario y no con la modalidad que\ntoma el gobierno que para los aumentos toman como referencia el mes de enero\u201d.<\/p>\n\n\n\n<p>\u201cSiempre se\nfirm\u00f3 en disconformidad\u201d.<\/p>\n\n\n\n<p>Lavall\u00e9n\naclar\u00f3 que en el encuentro de ayer no se especific\u00f3 si la suba que se podr\u00eda\naplicar desde este mes se incorporar\u00e1 al b\u00e1sico o no, aunque adelant\u00f3 que&nbsp; sospecha que se pagar\u00e1 \u201cen negro\u201d para\nsumarlo como remunerativo reci\u00e9n al mes siguiente.<\/p>\n\n\n\n<p>\u201cConociendo\nlas estrategias del gobierno ahora seguramente lo va a terminar en negro como\nlo hizo en junio y lo pas\u00f3 al b\u00e1sico en julio y el gobierno&nbsp; se ahorra las cargas sociales\u201d.<\/p>\n","protected":false},"excerpt":{"rendered":"<p>Dirigentes del gremio ATE, con representaci\u00f3n entre los municipales, siguen planteando sus discrepancias con respecto al acuerdo salarial acordado en su momento entre la mayor\u00eda de los gremios y el Ejecutivo Municipal y que establecer\u00eda un aumento de un 10% en el salario a cobrar con los sueldos de septiembre. As\u00ed lo explic\u00f3 el dirigente [&hellip;]<\/p>\n","protected":false},"author":4,"featured_media":3766,"comment_status":"open","ping_status":"open","sticky":false,"template":"","format":"standard","meta":{"spay_email":"","jetpack_publicize_message":""},"categories":[17,11],"tags":[],"jetpack_featured_media_url":"https:\/\/vdl-dev.coodesoft.com.ar\/wp-content\/uploads\/2021\/09\/acuerdo-ate-1.jpeg","jetpack_publicize_connections":[],"jetpack_sharing_enabled":true,"jetpack_shortlink":"https:\/\/wp.me\/paQJuC-YJ","_links":{"self":[{"href":"https:\/\/vdl-dev.coodesoft.com.ar\/index.php\/wp-json\/wp\/v2\/posts\/3765"}],"collection":[{"href":"https:\/\/vdl-dev.coodesoft.com.ar\/index.php\/wp-json\/wp\/v2\/posts"}],"about":[{"href":"https:\/\/vdl-dev.coodesoft.com.ar\/index.php\/wp-json\/wp\/v2\/types\/post"}],"author":[{"embeddable":true,"href":"https:\/\/vdl-dev.coodesoft.com.ar\/index.php\/wp-json\/wp\/v2\/users\/4"}],"replies":[{"embeddable":true,"href":"https:\/\/vdl-dev.coodesoft.com.ar\/index.php\/wp-json\/wp\/v2\/comments?post=3765"}],"version-history":[{"count":1,"href":"https:\/\/vdl-dev.coodesoft.com.ar\/index.php\/wp-json\/wp\/v2\/posts\/3765\/revisions"}],"predecessor-version":[{"id":3767,"href":"https:\/\/vdl-dev.coodesoft.com.ar\/index.php\/wp-json\/wp\/v2\/posts\/3765\/revisions\/3767"}],"wp:featuredmedia":[{"embeddable":true,"href":"https:\/\/vdl-dev.coodesoft.com.ar\/index.php\/wp-json\/wp\/v2\/media\/3766"}],"wp:attachment":[{"href":"https:\/\/vdl-dev.coodesoft.com.ar\/index.php\/wp-json\/wp\/v2\/media?parent=3765"}],"wp:term":[{"taxonomy":"category","embeddable":true,"href":"https:\/\/vdl-dev.coodesoft.com.ar\/index.php\/wp-json\/wp\/v2\/categories?post=3765"},{"taxonomy":"post_tag","embeddable":true,"href":"https:\/\/vdl-dev.coodesoft.com.ar\/index.php\/wp-json\/wp\/v2\/tags?post=3765"}],"curies":[{"name":"wp","href":"https:\/\/api.w.org\/{rel}","templated":true}]}}