{"id":3774,"date":"2021-09-24T15:33:13","date_gmt":"2021-09-24T18:33:13","guid":{"rendered":"http:\/\/vocesdellangueyu.com.ar\/?p=3774"},"modified":"2021-09-24T15:33:16","modified_gmt":"2021-09-24T18:33:16","slug":"el-frente-de-todos-busca-definir-las-propuestas-de-campana","status":"publish","type":"post","link":"https:\/\/vdl-dev.coodesoft.com.ar\/index.php\/2021\/09\/24\/el-frente-de-todos-busca-definir-las-propuestas-de-campana\/","title":{"rendered":"EL FRENTE DE TODOS BUSCA DEFINIR LAS PROPUESTAS DE CAMPA\u00d1A"},"content":{"rendered":"\n<p>El Frente de Todos anunci\u00f3 la realizaci\u00f3n de un plenario que se llevar\u00e1 a cabo este s\u00e1bado desde las 10 de la ma\u00f1ana en Avellaneda 750 de nuestra ciudad, al que est\u00e1 invitando a dirigentes y simpatizantes del espacio.<br>\n\u201cLa idea es darle un cierre y puesta en com\u00fan a las mesas de trabajo que vienen realiz\u00e1ndose de cara a las elecciones\u201d informaron los organizadores.<br>\n\u201cLas mismas refieren a distintas tem\u00e1ticas, como por ejemplo educaci\u00f3n, salud\u2026 con un eje transversal en g\u00e9nero\u201d agregaron.<br>\nEl concejal Emilio Tisera brind\u00f3 precisiones sobre la jornada de trabajo, \u201cesto va a comenzar a la ma\u00f1ana, todos los compa\u00f1eros confirmando su presencia pueden asistir, la idea es ampliar la participaci\u00f3n y tambi\u00e9n agregar temas que las  comisiones no han propuesto\u201d.<\/p>\n\n\n\n<p>Quienes quieran asistir deben comunicarse previamente a los tel\u00e9fonos 249 4323459 o al 2494 534960<\/p>\n","protected":false},"excerpt":{"rendered":"<p>El Frente de Todos anunci\u00f3 la realizaci\u00f3n de un plenario que se llevar\u00e1 a cabo este s\u00e1bado desde las 10 de la ma\u00f1ana en Avellaneda 750 de nuestra ciudad, al que est\u00e1 invitando a dirigentes y simpatizantes del espacio. \u201cLa idea es darle un cierre y puesta en com\u00fan a las mesas de trabajo que [&hellip;]<\/p>\n","protected":false},"author":4,"featured_media":3775,"comment_status":"open","ping_status":"open","sticky":false,"template":"","format":"standard","meta":{"spay_email":"","jetpack_publicize_message":""},"categories":[17,11],"tags":[],"jetpack_featured_media_url":"https:\/\/vdl-dev.coodesoft.com.ar\/wp-content\/uploads\/2021\/09\/plenario.jpeg","jetpack_publicize_connections":[],"jetpack_sharing_enabled":true,"jetpack_shortlink":"https:\/\/wp.me\/paQJuC-YS","_links":{"self":[{"href":"https:\/\/vdl-dev.coodesoft.com.ar\/index.php\/wp-json\/wp\/v2\/posts\/3774"}],"collection":[{"href":"https:\/\/vdl-dev.coodesoft.com.ar\/index.php\/wp-json\/wp\/v2\/posts"}],"about":[{"href":"https:\/\/vdl-dev.coodesoft.com.ar\/index.php\/wp-json\/wp\/v2\/types\/post"}],"author":[{"embeddable":true,"href":"https:\/\/vdl-dev.coodesoft.com.ar\/index.php\/wp-json\/wp\/v2\/users\/4"}],"replies":[{"embeddable":true,"href":"https:\/\/vdl-dev.coodesoft.com.ar\/index.php\/wp-json\/wp\/v2\/comments?post=3774"}],"version-history":[{"count":1,"href":"https:\/\/vdl-dev.coodesoft.com.ar\/index.php\/wp-json\/wp\/v2\/posts\/3774\/revisions"}],"predecessor-version":[{"id":3776,"href":"https:\/\/vdl-dev.coodesoft.com.ar\/index.php\/wp-json\/wp\/v2\/posts\/3774\/revisions\/3776"}],"wp:featuredmedia":[{"embeddable":true,"href":"https:\/\/vdl-dev.coodesoft.com.ar\/index.php\/wp-json\/wp\/v2\/media\/3775"}],"wp:attachment":[{"href":"https:\/\/vdl-dev.coodesoft.com.ar\/index.php\/wp-json\/wp\/v2\/media?parent=3774"}],"wp:term":[{"taxonomy":"category","embeddable":true,"href":"https:\/\/vdl-dev.coodesoft.com.ar\/index.php\/wp-json\/wp\/v2\/categories?post=3774"},{"taxonomy":"post_tag","embeddable":true,"href":"https:\/\/vdl-dev.coodesoft.com.ar\/index.php\/wp-json\/wp\/v2\/tags?post=3774"}],"curies":[{"name":"wp","href":"https:\/\/api.w.org\/{rel}","templated":true}]}}