{"id":3814,"date":"2021-10-05T14:59:29","date_gmt":"2021-10-05T17:59:29","guid":{"rendered":"http:\/\/vocesdellangueyu.com.ar\/?p=3814"},"modified":"2021-10-05T14:59:32","modified_gmt":"2021-10-05T17:59:32","slug":"el-concejal-grieco-ratifico-que-los-vecinos-del-club-boca-dicen-sentirse-olvidados-y-relegados","status":"publish","type":"post","link":"https:\/\/vdl-dev.coodesoft.com.ar\/index.php\/2021\/10\/05\/el-concejal-grieco-ratifico-que-los-vecinos-del-club-boca-dicen-sentirse-olvidados-y-relegados\/","title":{"rendered":"EL CONCEJAL GRIECO RATIFIC\u00d3 QUE LOS VECINOS DEL CLUB BOCA \u201cDICEN SENTIRSE OLVIDADOS Y RELEGADOS\u201d"},"content":{"rendered":"\n<p><\/p>\n\n\n\n<p>Los vecinos\nresidentes en la zona del Club Boca de nuestra ciudad reclaman que se acelere\nla obra de la extensi\u00f3n de la red cloacal.<\/p>\n\n\n\n<p>As\u00ed lo\nhicieron saber tras una reuni\u00f3n mantenida con los concejales del Frente de\nTodos, y en una nota que formalmente ingres\u00f3 al Concejo Deliberante con varias\nfirmas.<\/p>\n\n\n\n<p>El\nIntendente Municipal Maximiliano Suescun se refiri\u00f3 al reclamo en declaraciones\nperiod\u00edsticas la semana pasada, en las que asegur\u00f3 que el barrio no est\u00e1\nolvidado.<\/p>\n\n\n\n<p>En tal\nsentido el concejal Diego Grieco, del Frente de Todos, explic\u00f3 que eso es lo\nque expresan los vecinos en la nota que elevaron al Departamento Deliberativo:\n\u201cdicen sentirse olvidados y relegados por parte del Ejecutivo Municipal\u201d dijo,\npor lo que \u201cle ponen nombre y&nbsp; apellido a\neste reclamo\u201d agreg\u00f3.<\/p>\n\n\n\n<p>\u201cLos vecinos\ndel&nbsp; barrio del Club Boca elevaron una\nnota la pasada semana acompa\u00f1ada por muchos m\u00e1s vecinos reclamando la\nconcreci\u00f3n urgente de la extensi\u00f3n de cloacas, dicen concretamente decirse\nolvidados y relegados por el gobierno municipal\u201d.<\/p>\n\n\n\n<p>\u201cMa\u00f1ana ser\u00e1\ntratada la nota en comisi\u00f3n y puede que salga alg\u00fan&nbsp; proyecto\u201d.<\/p>\n","protected":false},"excerpt":{"rendered":"<p>Los vecinos residentes en la zona del Club Boca de nuestra ciudad reclaman que se acelere la obra de la extensi\u00f3n de la red cloacal. As\u00ed lo hicieron saber tras una reuni\u00f3n mantenida con los concejales del Frente de Todos, y en una nota que formalmente ingres\u00f3 al Concejo Deliberante con varias firmas. El Intendente [&hellip;]<\/p>\n","protected":false},"author":4,"featured_media":3815,"comment_status":"open","ping_status":"open","sticky":false,"template":"","format":"standard","meta":{"spay_email":"","jetpack_publicize_message":""},"categories":[17,11],"tags":[],"jetpack_featured_media_url":"https:\/\/vdl-dev.coodesoft.com.ar\/wp-content\/uploads\/2021\/10\/cloacas.jpeg","jetpack_publicize_connections":[],"jetpack_sharing_enabled":true,"jetpack_shortlink":"https:\/\/wp.me\/paQJuC-Zw","_links":{"self":[{"href":"https:\/\/vdl-dev.coodesoft.com.ar\/index.php\/wp-json\/wp\/v2\/posts\/3814"}],"collection":[{"href":"https:\/\/vdl-dev.coodesoft.com.ar\/index.php\/wp-json\/wp\/v2\/posts"}],"about":[{"href":"https:\/\/vdl-dev.coodesoft.com.ar\/index.php\/wp-json\/wp\/v2\/types\/post"}],"author":[{"embeddable":true,"href":"https:\/\/vdl-dev.coodesoft.com.ar\/index.php\/wp-json\/wp\/v2\/users\/4"}],"replies":[{"embeddable":true,"href":"https:\/\/vdl-dev.coodesoft.com.ar\/index.php\/wp-json\/wp\/v2\/comments?post=3814"}],"version-history":[{"count":1,"href":"https:\/\/vdl-dev.coodesoft.com.ar\/index.php\/wp-json\/wp\/v2\/posts\/3814\/revisions"}],"predecessor-version":[{"id":3816,"href":"https:\/\/vdl-dev.coodesoft.com.ar\/index.php\/wp-json\/wp\/v2\/posts\/3814\/revisions\/3816"}],"wp:featuredmedia":[{"embeddable":true,"href":"https:\/\/vdl-dev.coodesoft.com.ar\/index.php\/wp-json\/wp\/v2\/media\/3815"}],"wp:attachment":[{"href":"https:\/\/vdl-dev.coodesoft.com.ar\/index.php\/wp-json\/wp\/v2\/media?parent=3814"}],"wp:term":[{"taxonomy":"category","embeddable":true,"href":"https:\/\/vdl-dev.coodesoft.com.ar\/index.php\/wp-json\/wp\/v2\/categories?post=3814"},{"taxonomy":"post_tag","embeddable":true,"href":"https:\/\/vdl-dev.coodesoft.com.ar\/index.php\/wp-json\/wp\/v2\/tags?post=3814"}],"curies":[{"name":"wp","href":"https:\/\/api.w.org\/{rel}","templated":true}]}}