{"id":5039,"date":"2022-10-13T15:00:13","date_gmt":"2022-10-13T18:00:13","guid":{"rendered":"http:\/\/vocesdellangueyu.com.ar\/?p=5039"},"modified":"2022-10-13T15:00:23","modified_gmt":"2022-10-13T18:00:23","slug":"ya-no-quedan-en-el-hospital-local-heridos-del-colectivo-que-despisto","status":"publish","type":"post","link":"https:\/\/vdl-dev.coodesoft.com.ar\/index.php\/2022\/10\/13\/ya-no-quedan-en-el-hospital-local-heridos-del-colectivo-que-despisto\/","title":{"rendered":"YA NO QUEDAN EN EL HOSPITAL LOCAL HERIDOS DEL COLECTIVO QUE DESPIST\u00d3"},"content":{"rendered":"\n<div class=\"wp-block-image\"><figure class=\"alignleft size-full is-resized\"><img loading=\"lazy\" src=\"http:\/\/vocesdellangueyu.com.ar\/wp-content\/uploads\/2022\/10\/42fa8527-fe34-49d2-9ea7-7e54651ff6e0.jpg\" alt=\"\" class=\"wp-image-5040\" width=\"347\" height=\"259\" srcset=\"https:\/\/vdl-dev.coodesoft.com.ar\/wp-content\/uploads\/2022\/10\/42fa8527-fe34-49d2-9ea7-7e54651ff6e0.jpg 1024w, https:\/\/vdl-dev.coodesoft.com.ar\/wp-content\/uploads\/2022\/10\/42fa8527-fe34-49d2-9ea7-7e54651ff6e0-300x225.jpg 300w, https:\/\/vdl-dev.coodesoft.com.ar\/wp-content\/uploads\/2022\/10\/42fa8527-fe34-49d2-9ea7-7e54651ff6e0-768x576.jpg 768w\" sizes=\"(max-width: 347px) 100vw, 347px\" \/><\/figure><\/div>\n\n\n\n<p>El chofer que oficiaba de acompa\u00f1ante al momento del despiste del colectivo ayer por la madrugada en ruta 30, en inmediaciones al acceso a Miranda, el hombre que hab\u00eda sufrido las heridas de mayor consideraci\u00f3n al haber sido despedido del rodado y quedar aprisionado por la estructura con fuertes traumatismos en el t\u00f3rax, dej\u00f3 la sala de terapia intensiva ayer y pas\u00f3 a una habitaci\u00f3n com\u00fan, para luego ser trasladado al instituto Cemeda de Olavarr\u00eda.<br>Por su parte el hombre que conduc\u00eda el rodado fue dado de alta hoy y se dirigi\u00f3 en remis a su domicilio.<br>La \u00fanica mujer asistida por el Sistema de Salud y que hab\u00eda sido internada, fue dada de alta ayer, y el cuarto herido era trasladado hoy al hospital Ram\u00f3n Santamarina, ya que era oriundo de la ciudad de Tandil.<\/p>\n","protected":false},"excerpt":{"rendered":"<p>El chofer que oficiaba de acompa\u00f1ante al momento del despiste del colectivo ayer por la madrugada en ruta 30, en inmediaciones al acceso a Miranda, el hombre que hab\u00eda sufrido las heridas de mayor consideraci\u00f3n al haber sido despedido del rodado y quedar aprisionado por la estructura con fuertes traumatismos en el t\u00f3rax, dej\u00f3 la [&hellip;]<\/p>\n","protected":false},"author":4,"featured_media":0,"comment_status":"open","ping_status":"open","sticky":false,"template":"","format":"standard","meta":{"spay_email":"","jetpack_publicize_message":""},"categories":[1],"tags":[],"jetpack_featured_media_url":"","jetpack_publicize_connections":[],"jetpack_sharing_enabled":true,"jetpack_shortlink":"https:\/\/wp.me\/paQJuC-1jh","_links":{"self":[{"href":"https:\/\/vdl-dev.coodesoft.com.ar\/index.php\/wp-json\/wp\/v2\/posts\/5039"}],"collection":[{"href":"https:\/\/vdl-dev.coodesoft.com.ar\/index.php\/wp-json\/wp\/v2\/posts"}],"about":[{"href":"https:\/\/vdl-dev.coodesoft.com.ar\/index.php\/wp-json\/wp\/v2\/types\/post"}],"author":[{"embeddable":true,"href":"https:\/\/vdl-dev.coodesoft.com.ar\/index.php\/wp-json\/wp\/v2\/users\/4"}],"replies":[{"embeddable":true,"href":"https:\/\/vdl-dev.coodesoft.com.ar\/index.php\/wp-json\/wp\/v2\/comments?post=5039"}],"version-history":[{"count":1,"href":"https:\/\/vdl-dev.coodesoft.com.ar\/index.php\/wp-json\/wp\/v2\/posts\/5039\/revisions"}],"predecessor-version":[{"id":5041,"href":"https:\/\/vdl-dev.coodesoft.com.ar\/index.php\/wp-json\/wp\/v2\/posts\/5039\/revisions\/5041"}],"wp:attachment":[{"href":"https:\/\/vdl-dev.coodesoft.com.ar\/index.php\/wp-json\/wp\/v2\/media?parent=5039"}],"wp:term":[{"taxonomy":"category","embeddable":true,"href":"https:\/\/vdl-dev.coodesoft.com.ar\/index.php\/wp-json\/wp\/v2\/categories?post=5039"},{"taxonomy":"post_tag","embeddable":true,"href":"https:\/\/vdl-dev.coodesoft.com.ar\/index.php\/wp-json\/wp\/v2\/tags?post=5039"}],"curies":[{"name":"wp","href":"https:\/\/api.w.org\/{rel}","templated":true}]}}