{"id":6919,"date":"2023-03-01T10:43:55","date_gmt":"2023-03-01T13:43:55","guid":{"rendered":"http:\/\/vocesdellangueyu.com.ar\/?p=6919"},"modified":"2023-03-01T10:43:59","modified_gmt":"2023-03-01T13:43:59","slug":"falabella-la-situacion-es-complicada","status":"publish","type":"post","link":"https:\/\/vdl-dev.coodesoft.com.ar\/index.php\/2023\/03\/01\/falabella-la-situacion-es-complicada\/","title":{"rendered":"FALABELLA: \u201cLA SITUACI\u00d3N ES COMPLICADA\u201d"},"content":{"rendered":"\n<figure class=\"wp-block-image size-full is-resized\"><img loading=\"lazy\" src=\"http:\/\/vocesdellangueyu.com.ar\/wp-content\/uploads\/2023\/03\/101390004_698694967611167_8274298072482185216_n.jpg\" alt=\"\" class=\"wp-image-6922\" width=\"442\" height=\"225\" srcset=\"https:\/\/vdl-dev.coodesoft.com.ar\/wp-content\/uploads\/2023\/03\/101390004_698694967611167_8274298072482185216_n.jpg 315w, https:\/\/vdl-dev.coodesoft.com.ar\/wp-content\/uploads\/2023\/03\/101390004_698694967611167_8274298072482185216_n-300x152.jpg 300w\" sizes=\"(max-width: 442px) 100vw, 442px\" \/><\/figure>\n\n\n\n<p><\/p>\n\n\n\n<p>Alberto Falabella, uno de los referentes de UPCN en Rauch, se refiri\u00f3 a la negociaci\u00f3n paritaria de los trabajadores municipales con el Gobierno que no lleg\u00f3 a un acuerdo en febrero.<\/p>\n\n\n\n<p>Falabella explic\u00f3 que el gremio al que representa hab\u00eda solicitado un incremento del 15% para contemplar los meses de enero y febrero m\u00e1s un 100% de aumento en el presentismo.<\/p>\n\n\n\n<p>\u201cEl presentismo tiene que ser un incentivo para que la gente concurra a su trabajo y este todos los d\u00edas en tiempo y forma, pero con 1000 pesos, no\u201d Dijo<\/p>\n\n\n\n<p>Se\u00f1al\u00f3 que no se lleg\u00f3 ni a la mitad de lo que hab\u00edan pedido &nbsp;&nbsp;y que no dudan de los n\u00fameros que present\u00f3 el gobierno a ra\u00edz de los fondos de coparticipaci\u00f3n<\/p>\n\n\n\n<p>\u201cVa haber que cubrir si o si la crisis inflacionaria que estamos pasando\u201d Coment\u00f3<\/p>\n\n\n\n<p>El dirigente expres\u00f3 que para ellos hubiera sido apropiado que los municipales cobraran el 6% propuesto por el gobierno a partir de los salarios de este mes<\/p>\n\n\n\n<p>\u201cAgarrar el seis y despu\u00e9s negociar para que no se vaya tanto\u201d Agreg\u00f3<\/p>\n\n\n\n<p>Por \u00faltimo, plante\u00f3 que las negociaciones no est\u00e1n cerradas y que todav\u00eda hay cosas pendientes como pases a plantas permanentes y pases de contratados a jornalizados<\/p>\n\n\n\n<figure class=\"wp-block-audio\"><audio controls src=\"http:\/\/vocesdellangueyu.com.ar\/wp-content\/uploads\/2023\/03\/1-03-Falabella-primera-parte.mp3\"><\/audio><\/figure>\n\n\n\n<figure class=\"wp-block-audio\"><audio controls src=\"http:\/\/vocesdellangueyu.com.ar\/wp-content\/uploads\/2023\/03\/1-03-Falabella-segunda-parte.mp3\"><\/audio><\/figure>\n","protected":false},"excerpt":{"rendered":"<p>Alberto Falabella, uno de los referentes de UPCN en Rauch, se refiri\u00f3 a la negociaci\u00f3n paritaria de los trabajadores municipales con el Gobierno que no lleg\u00f3 a un acuerdo en febrero. Falabella explic\u00f3 que el gremio al que representa hab\u00eda solicitado un incremento del 15% para contemplar los meses de enero y febrero m\u00e1s un [&hellip;]<\/p>\n","protected":false},"author":4,"featured_media":0,"comment_status":"open","ping_status":"open","sticky":false,"template":"","format":"standard","meta":{"spay_email":"","jetpack_publicize_message":""},"categories":[1],"tags":[],"jetpack_featured_media_url":"","jetpack_publicize_connections":[],"jetpack_sharing_enabled":true,"jetpack_shortlink":"https:\/\/wp.me\/paQJuC-1NB","_links":{"self":[{"href":"https:\/\/vdl-dev.coodesoft.com.ar\/index.php\/wp-json\/wp\/v2\/posts\/6919"}],"collection":[{"href":"https:\/\/vdl-dev.coodesoft.com.ar\/index.php\/wp-json\/wp\/v2\/posts"}],"about":[{"href":"https:\/\/vdl-dev.coodesoft.com.ar\/index.php\/wp-json\/wp\/v2\/types\/post"}],"author":[{"embeddable":true,"href":"https:\/\/vdl-dev.coodesoft.com.ar\/index.php\/wp-json\/wp\/v2\/users\/4"}],"replies":[{"embeddable":true,"href":"https:\/\/vdl-dev.coodesoft.com.ar\/index.php\/wp-json\/wp\/v2\/comments?post=6919"}],"version-history":[{"count":1,"href":"https:\/\/vdl-dev.coodesoft.com.ar\/index.php\/wp-json\/wp\/v2\/posts\/6919\/revisions"}],"predecessor-version":[{"id":6923,"href":"https:\/\/vdl-dev.coodesoft.com.ar\/index.php\/wp-json\/wp\/v2\/posts\/6919\/revisions\/6923"}],"wp:attachment":[{"href":"https:\/\/vdl-dev.coodesoft.com.ar\/index.php\/wp-json\/wp\/v2\/media?parent=6919"}],"wp:term":[{"taxonomy":"category","embeddable":true,"href":"https:\/\/vdl-dev.coodesoft.com.ar\/index.php\/wp-json\/wp\/v2\/categories?post=6919"},{"taxonomy":"post_tag","embeddable":true,"href":"https:\/\/vdl-dev.coodesoft.com.ar\/index.php\/wp-json\/wp\/v2\/tags?post=6919"}],"curies":[{"name":"wp","href":"https:\/\/api.w.org\/{rel}","templated":true}]}}