{"id":7039,"date":"2023-03-13T10:24:02","date_gmt":"2023-03-13T13:24:02","guid":{"rendered":"http:\/\/vocesdellangueyu.com.ar\/?p=7039"},"modified":"2023-03-13T10:24:06","modified_gmt":"2023-03-13T13:24:06","slug":"al-gobierno-no-le-interesan-los-trabajadores-municipales-dijo-lavallen","status":"publish","type":"post","link":"https:\/\/vdl-dev.coodesoft.com.ar\/index.php\/2023\/03\/13\/al-gobierno-no-le-interesan-los-trabajadores-municipales-dijo-lavallen\/","title":{"rendered":"&#8220;AL GOBIERNO NO LE INTERESAN LOS TRABAJADORES MUNICIPALES&#8221; DIJO LAVALL\u00c9N"},"content":{"rendered":"\n<figure class=\"wp-block-image size-full is-resized\"><img loading=\"lazy\" src=\"http:\/\/vocesdellangueyu.com.ar\/wp-content\/uploads\/2023\/03\/164882484_910281143119214_6809888187194696298_n.jpg\" alt=\"\" class=\"wp-image-7040\" width=\"293\" height=\"220\" srcset=\"https:\/\/vdl-dev.coodesoft.com.ar\/wp-content\/uploads\/2023\/03\/164882484_910281143119214_6809888187194696298_n.jpg 512w, https:\/\/vdl-dev.coodesoft.com.ar\/wp-content\/uploads\/2023\/03\/164882484_910281143119214_6809888187194696298_n-300x225.jpg 300w\" sizes=\"(max-width: 293px) 100vw, 293px\" \/><\/figure>\n\n\n\n<p><\/p>\n\n\n\n<p>Uno de los referentes del gremio ATE Rodolfo Lavallen se\u00f1al\u00f3 esta ma\u00f1ana que al gobierno municipal &#8220;no le interesan los trabajadores municipales&#8221;<\/p>\n\n\n\n<p>Fue tras la negociaci\u00f3n paritaria que se cerr\u00f3 la semana pasada con un aumento otorgado del 18% para el mes de marzo y con el compromiso de volver a reunirse en mayo.<\/p>\n\n\n\n<p>El dirigente critic\u00f3 a los restantes gremios por haber aceptado la oferta cuando el gobierno hab\u00eda realizado una anterior de un 16% de aumento en marzo m\u00e1s un 4% en abril que pod\u00eda revisarse.<\/p>\n\n\n\n<p>Adem\u00e1s puso en duda la actitud de dirigentes de Sindicato de Trabajadores Municipales de Rauch al se\u00f1alar que prefieren aumentos magros para que sus afiliados tengan que acceder a una l\u00ednea de cr\u00e9ditos que el sindicato ofrece por lo que obtiene una renta. \u201cVan en contra de lo que hablan\u201d y no \u201centiende\u201d porque firman en acuerdo Dijo Lavall\u00e9n<\/p>\n\n\n\n<p>Se\u00f1al\u00f3 que \u201ccuando los aumentos no son acumulativos terminas perdiendo siempre\u201d y que \u201cel 18% queda muy descolgado del segundo semestre\u201d<\/p>\n\n\n\n<p>Coment\u00f3 que el ejecutivo prefiere la campa\u00f1a electoral ante que los empleados municipales, y que alguno de estos \u201cla est\u00e1n pasando mal\u201d Cerr\u00f3 diciendo que al ejecutivo no le interesan los empleados<\/p>\n\n\n\n\n\n<figure class=\"wp-block-audio\"><audio controls src=\"blob:http:\/\/vocesdellangueyu.com.ar\/755f546d-b516-47c6-8443-0ace21105f54\"><\/audio><\/figure>\n\n\n\n<figure class=\"wp-block-audio\"><audio controls src=\"blob:http:\/\/vocesdellangueyu.com.ar\/6a6ee4cc-c881-4adb-b267-746141b63dfe\"><\/audio><\/figure>\n","protected":false},"excerpt":{"rendered":"<p>Uno de los referentes del gremio ATE Rodolfo Lavallen se\u00f1al\u00f3 esta ma\u00f1ana que al gobierno municipal &#8220;no le interesan los trabajadores municipales&#8221; Fue tras la negociaci\u00f3n paritaria que se cerr\u00f3 la semana pasada con un aumento otorgado del 18% para el mes de marzo y con el compromiso de volver a reunirse en mayo. El [&hellip;]<\/p>\n","protected":false},"author":4,"featured_media":0,"comment_status":"open","ping_status":"open","sticky":false,"template":"","format":"standard","meta":{"spay_email":"","jetpack_publicize_message":""},"categories":[1],"tags":[],"jetpack_featured_media_url":"","jetpack_publicize_connections":[],"jetpack_sharing_enabled":true,"jetpack_shortlink":"https:\/\/wp.me\/paQJuC-1Px","_links":{"self":[{"href":"https:\/\/vdl-dev.coodesoft.com.ar\/index.php\/wp-json\/wp\/v2\/posts\/7039"}],"collection":[{"href":"https:\/\/vdl-dev.coodesoft.com.ar\/index.php\/wp-json\/wp\/v2\/posts"}],"about":[{"href":"https:\/\/vdl-dev.coodesoft.com.ar\/index.php\/wp-json\/wp\/v2\/types\/post"}],"author":[{"embeddable":true,"href":"https:\/\/vdl-dev.coodesoft.com.ar\/index.php\/wp-json\/wp\/v2\/users\/4"}],"replies":[{"embeddable":true,"href":"https:\/\/vdl-dev.coodesoft.com.ar\/index.php\/wp-json\/wp\/v2\/comments?post=7039"}],"version-history":[{"count":2,"href":"https:\/\/vdl-dev.coodesoft.com.ar\/index.php\/wp-json\/wp\/v2\/posts\/7039\/revisions"}],"predecessor-version":[{"id":7042,"href":"https:\/\/vdl-dev.coodesoft.com.ar\/index.php\/wp-json\/wp\/v2\/posts\/7039\/revisions\/7042"}],"wp:attachment":[{"href":"https:\/\/vdl-dev.coodesoft.com.ar\/index.php\/wp-json\/wp\/v2\/media?parent=7039"}],"wp:term":[{"taxonomy":"category","embeddable":true,"href":"https:\/\/vdl-dev.coodesoft.com.ar\/index.php\/wp-json\/wp\/v2\/categories?post=7039"},{"taxonomy":"post_tag","embeddable":true,"href":"https:\/\/vdl-dev.coodesoft.com.ar\/index.php\/wp-json\/wp\/v2\/tags?post=7039"}],"curies":[{"name":"wp","href":"https:\/\/api.w.org\/{rel}","templated":true}]}}