{"id":7043,"date":"2023-03-13T10:59:28","date_gmt":"2023-03-13T13:59:28","guid":{"rendered":"http:\/\/vocesdellangueyu.com.ar\/?p=7043"},"modified":"2023-03-13T10:59:39","modified_gmt":"2023-03-13T13:59:39","slug":"desde-la-asamblea-feminista-senalan-que-faltan-mujeres-en-los-eventos-artisticos","status":"publish","type":"post","link":"https:\/\/vdl-dev.coodesoft.com.ar\/index.php\/2023\/03\/13\/desde-la-asamblea-feminista-senalan-que-faltan-mujeres-en-los-eventos-artisticos\/","title":{"rendered":"DESDE LA ASAMBLEA FEMINISTA SE\u00d1ALAN QUE FALTAN MUJERES EN LOS EVENTOS ART\u00cdSTICOS"},"content":{"rendered":"\n<figure class=\"wp-block-gallery has-nested-images columns-default is-cropped\">\n<figure class=\"wp-block-image size-large\"><img loading=\"lazy\" width=\"720\" height=\"643\" data-id=\"7044\"  src=\"http:\/\/vocesdellangueyu.com.ar\/wp-content\/uploads\/2023\/03\/1.jpg\" alt=\"\" class=\"wp-image-7044\" srcset=\"https:\/\/vdl-dev.coodesoft.com.ar\/wp-content\/uploads\/2023\/03\/1.jpg 720w, https:\/\/vdl-dev.coodesoft.com.ar\/wp-content\/uploads\/2023\/03\/1-300x268.jpg 300w\" sizes=\"(max-width: 720px) 100vw, 720px\" \/><\/figure>\n\n\n\n<figure class=\"wp-block-image size-large\"><img loading=\"lazy\" width=\"717\" height=\"663\" data-id=\"7045\"  src=\"http:\/\/vocesdellangueyu.com.ar\/wp-content\/uploads\/2023\/03\/2.jpg\" alt=\"\" class=\"wp-image-7045\" srcset=\"https:\/\/vdl-dev.coodesoft.com.ar\/wp-content\/uploads\/2023\/03\/2.jpg 717w, https:\/\/vdl-dev.coodesoft.com.ar\/wp-content\/uploads\/2023\/03\/2-300x277.jpg 300w\" sizes=\"(max-width: 717px) 100vw, 717px\" \/><\/figure>\n\n\n\n<figure class=\"wp-block-image size-large\"><img loading=\"lazy\" width=\"720\" height=\"663\" data-id=\"7047\"  src=\"http:\/\/vocesdellangueyu.com.ar\/wp-content\/uploads\/2023\/03\/3.jpg\" alt=\"\" class=\"wp-image-7047\" srcset=\"https:\/\/vdl-dev.coodesoft.com.ar\/wp-content\/uploads\/2023\/03\/3.jpg 720w, https:\/\/vdl-dev.coodesoft.com.ar\/wp-content\/uploads\/2023\/03\/3-300x276.jpg 300w\" sizes=\"(max-width: 720px) 100vw, 720px\" \/><\/figure>\n\n\n\n<figure class=\"wp-block-image size-large\"><img loading=\"lazy\" width=\"720\" height=\"685\" data-id=\"7048\"  src=\"http:\/\/vocesdellangueyu.com.ar\/wp-content\/uploads\/2023\/03\/4.jpg\" alt=\"\" class=\"wp-image-7048\" srcset=\"https:\/\/vdl-dev.coodesoft.com.ar\/wp-content\/uploads\/2023\/03\/4.jpg 720w, https:\/\/vdl-dev.coodesoft.com.ar\/wp-content\/uploads\/2023\/03\/4-300x285.jpg 300w\" sizes=\"(max-width: 720px) 100vw, 720px\" \/><\/figure>\n\n\n\n<figure class=\"wp-block-image size-large\"><img loading=\"lazy\" width=\"720\" height=\"578\" data-id=\"7046\"  src=\"http:\/\/vocesdellangueyu.com.ar\/wp-content\/uploads\/2023\/03\/5.jpg\" alt=\"\" class=\"wp-image-7046\" srcset=\"https:\/\/vdl-dev.coodesoft.com.ar\/wp-content\/uploads\/2023\/03\/5.jpg 720w, https:\/\/vdl-dev.coodesoft.com.ar\/wp-content\/uploads\/2023\/03\/5-300x241.jpg 300w\" sizes=\"(max-width: 720px) 100vw, 720px\" \/><\/figure>\n<figcaption class=\"blocks-gallery-caption\">FOTOS: FM CHAPALEOF\u00da<\/figcaption><\/figure>\n\n\n\n<p><\/p>\n\n\n\n<p>Cecilia M\u00e1rsico, una de las integrantes de la Asamblea Feminista de nuestra ciudad se mostr\u00f3 satisfecha por la concreci\u00f3n del festival art\u00edstico que se llev\u00f3 a cabo el \u00faltimo s\u00e1bado para cerrar los actos conmemorativos del D\u00eda Internacional de la Mujer.<\/p>\n\n\n\n<p>En el ciclo \u201cMujeres en escena\u201d, organizado por la instituci\u00f3n en el Centro Cultural La Pieza el \u00faltimo s\u00e1bado participaron diversas artistas locales y M\u00e1rsico detall\u00f3 que observan que no hay una convocatoria a esas trabajadoras de la cultura local en los diferentes eventos que por ejemplo desde el municipio se organizan<\/p>\n\n\n\n<p>\u201cEl rol de las mujeres artistas lo ven\u00edamos viendo con preocupaci\u00f3n\u2026 los \u00faltimos festivales que se vieron ac\u00e1 que organiz\u00f3 el Municipio \u201cel cupo no se vio, y el protagonismo fue de varones. Es una forma de violencia simb\u00f3lica\u201d Dijo<\/p>\n\n\n\n<p>Coment\u00f3 que \u201chace falta una perspectiva de g\u00e9nero\u201d y por m\u00e1s que haya una direcci\u00f3n de genero en Rauch, no tiene recursos. Y es un tema \u201cnecesario y urgente\u201d<\/p>\n\n\n\n<p>M\u00e1rsico asegur\u00f3 que la conmemoraci\u00f3n por el d\u00eda internacional de la mujer fue rara debido a una menor participaci\u00f3n de mujeres en los diferentes actos programados<\/p>\n\n\n\n<p>\u201cLas multitudes en todo el pa\u00eds no estuvieron con la fuerza de otros a\u00f1os, porque hay fuerzas que vienen tirando para atr\u00e1s nuestros proyectos, intentan que el movimiento se calle, esto no da para m\u00e1s, la violencia machista no da para m\u00e1s\u201d Detall\u00f3<\/p>\n\n\n\n<p>En relaci\u00f3n a las fuerzas que intentan tirar para atr\u00e1s el movimiento feminista dijo que no se refiere a un sector pol\u00edtico en particular, pero que hay un neoliberalismo en nuestro pa\u00eds que le molesta el \u201cmovimiento popular\u201d<\/p>\n\n\n\n<figure class=\"wp-block-audio\"><audio controls src=\"blob:http:\/\/vocesdellangueyu.com.ar\/d557a31c-6bce-42e8-b3db-6200ae1c5e9f\"><\/audio><\/figure>\n\n\n\n<figure class=\"wp-block-audio\"><audio controls src=\"blob:http:\/\/vocesdellangueyu.com.ar\/3b4c0735-39ef-45d7-8b6a-cac15646d863\"><\/audio><\/figure>\n","protected":false},"excerpt":{"rendered":"<p>Cecilia M\u00e1rsico, una de las integrantes de la Asamblea Feminista de nuestra ciudad se mostr\u00f3 satisfecha por la concreci\u00f3n del festival art\u00edstico que se llev\u00f3 a cabo el \u00faltimo s\u00e1bado para cerrar los actos conmemorativos del D\u00eda Internacional de la Mujer. En el ciclo \u201cMujeres en escena\u201d, organizado por la instituci\u00f3n en el Centro Cultural [&hellip;]<\/p>\n","protected":false},"author":4,"featured_media":0,"comment_status":"open","ping_status":"open","sticky":false,"template":"","format":"standard","meta":{"spay_email":"","jetpack_publicize_message":""},"categories":[1],"tags":[],"jetpack_featured_media_url":"","jetpack_publicize_connections":[],"jetpack_sharing_enabled":true,"jetpack_shortlink":"https:\/\/wp.me\/paQJuC-1PB","_links":{"self":[{"href":"https:\/\/vdl-dev.coodesoft.com.ar\/index.php\/wp-json\/wp\/v2\/posts\/7043"}],"collection":[{"href":"https:\/\/vdl-dev.coodesoft.com.ar\/index.php\/wp-json\/wp\/v2\/posts"}],"about":[{"href":"https:\/\/vdl-dev.coodesoft.com.ar\/index.php\/wp-json\/wp\/v2\/types\/post"}],"author":[{"embeddable":true,"href":"https:\/\/vdl-dev.coodesoft.com.ar\/index.php\/wp-json\/wp\/v2\/users\/4"}],"replies":[{"embeddable":true,"href":"https:\/\/vdl-dev.coodesoft.com.ar\/index.php\/wp-json\/wp\/v2\/comments?post=7043"}],"version-history":[{"count":2,"href":"https:\/\/vdl-dev.coodesoft.com.ar\/index.php\/wp-json\/wp\/v2\/posts\/7043\/revisions"}],"predecessor-version":[{"id":7050,"href":"https:\/\/vdl-dev.coodesoft.com.ar\/index.php\/wp-json\/wp\/v2\/posts\/7043\/revisions\/7050"}],"wp:attachment":[{"href":"https:\/\/vdl-dev.coodesoft.com.ar\/index.php\/wp-json\/wp\/v2\/media?parent=7043"}],"wp:term":[{"taxonomy":"category","embeddable":true,"href":"https:\/\/vdl-dev.coodesoft.com.ar\/index.php\/wp-json\/wp\/v2\/categories?post=7043"},{"taxonomy":"post_tag","embeddable":true,"href":"https:\/\/vdl-dev.coodesoft.com.ar\/index.php\/wp-json\/wp\/v2\/tags?post=7043"}],"curies":[{"name":"wp","href":"https:\/\/api.w.org\/{rel}","templated":true}]}}