{"id":7061,"date":"2023-03-15T10:27:14","date_gmt":"2023-03-15T13:27:14","guid":{"rendered":"http:\/\/vocesdellangueyu.com.ar\/?p=7061"},"modified":"2023-03-15T10:27:17","modified_gmt":"2023-03-15T13:27:17","slug":"citan-a-indagatoria-a-productores-rurales-por-contaminacion-en-el-partido-de-tandil","status":"publish","type":"post","link":"https:\/\/vdl-dev.coodesoft.com.ar\/index.php\/2023\/03\/15\/citan-a-indagatoria-a-productores-rurales-por-contaminacion-en-el-partido-de-tandil\/","title":{"rendered":"Citan a indagatoria a productores rurales por contaminaci\u00f3n en el Partido de Tandil"},"content":{"rendered":"\n<p>El Juez Federal N\u00ba1 de Azul, Dr. Gabriel Di Giulio, cit\u00f3 a declaraci\u00f3n indagatoria a varios productores agropecuarios de la zona, a los que se les endilga el delito de &#8220;contaminaci\u00f3n del ambiente en general&#8221;, especialmente por aplicar agroqu\u00edmicos cerca de escuelas rurales del Partido de Tandil.<\/p>\n\n\n\n<p>La causa est\u00e1 en manos del Fiscal Dr. Santiago Eyherabide, quien solicit\u00f3 la convocatoria a indagatoria &#8220;en los t\u00e9rminos del art. 294 del C\u00f3digo Procesal Penal de la Naci\u00f3n&#8221;, de los productores Carlos Roberto Iturralde, Mar\u00eda Carolina Barbero, Jos\u00e9 Luis Karaman, Mar\u00eda Laura Kolman y Hern\u00e1n Francois, estos \u00faltimos, socios de una misma empresa.<\/p>\n\n\n\n<p>El fiscal atribuye a las personas imputadas, &#8220;la autor\u00eda del delito de contaminaci\u00f3n del ambiente en general, de un modo peligroso para la salud, mediante la utilizaci\u00f3n de residuos calificados como peligrosos (Anexo I, categor\u00eda Y4, de la ley 24051) aplicados a distancia prohibida por la normativa pertinente respecto de establecimientos educativos (escuelas rurales) pr\u00f3ximos a menos de 150 metros del lugar de aplicaci\u00f3n&#8221; y a\u00f1ade que &#8220;dichas conductas tuvieron lugar en fecha previa al 20 de diciembre de 2021, fecha en la que se obtuvieron las muestras analizadas&#8221;, postura que fue avalada por el Juez Di Giulio.<\/p>\n\n\n\n<p>A Carlos Roberto Iturralde, se le atribuye la conducta contaminante sobre una porci\u00f3n de suelo y el material vegetal en un campo ubicado lindante a la Escuela de Educaci\u00f3n Primaria N\u00b0 64 &#8220;Almafuerte&#8221;, del Paraje La Patria, de Tandil.<\/p>\n\n\n\n<p>En el caso de la citaci\u00f3n de Mar\u00eda Carolina Barbero, el fiscal considera que tuvo una conducta contaminante sobre una porci\u00f3n de suelo y el material vegetal en un campo ubicado frente a la Escuela Educaci\u00f3n Primaria n\u00b0 12 (&#8220;Los Mimbres&#8221;).<\/p>\n\n\n\n<p>Con respecto a Jos\u00e9 Luis Karaman, por su car\u00e1cter de Presidente de la firma &#8220;Agropecuaria Don Nikola S.A.&#8221;, se le atribuye la conducta contaminante sobre una porci\u00f3n de suelo ubicado en un campo localizado lindante a la Escuela de Educaci\u00f3n Secundaria T\u00e9cnica n\u00b0 2<\/p>\n\n\n\n<p>Los tres productores fumigaban con distintos agrotoxicos, entre ellos el Glifosato<\/p>\n\n\n\n<p>FUENTE: LA VOZ DE TANDIL<\/p>\n","protected":false},"excerpt":{"rendered":"<p>El Juez Federal N\u00ba1 de Azul, Dr. Gabriel Di Giulio, cit\u00f3 a declaraci\u00f3n indagatoria a varios productores agropecuarios de la zona, a los que se les endilga el delito de &#8220;contaminaci\u00f3n del ambiente en general&#8221;, especialmente por aplicar agroqu\u00edmicos cerca de escuelas rurales del Partido de Tandil. La causa est\u00e1 en manos del Fiscal Dr. [&hellip;]<\/p>\n","protected":false},"author":4,"featured_media":0,"comment_status":"open","ping_status":"open","sticky":false,"template":"","format":"standard","meta":{"spay_email":"","jetpack_publicize_message":""},"categories":[1],"tags":[],"jetpack_featured_media_url":"","jetpack_publicize_connections":[],"jetpack_sharing_enabled":true,"jetpack_shortlink":"https:\/\/wp.me\/paQJuC-1PT","_links":{"self":[{"href":"https:\/\/vdl-dev.coodesoft.com.ar\/index.php\/wp-json\/wp\/v2\/posts\/7061"}],"collection":[{"href":"https:\/\/vdl-dev.coodesoft.com.ar\/index.php\/wp-json\/wp\/v2\/posts"}],"about":[{"href":"https:\/\/vdl-dev.coodesoft.com.ar\/index.php\/wp-json\/wp\/v2\/types\/post"}],"author":[{"embeddable":true,"href":"https:\/\/vdl-dev.coodesoft.com.ar\/index.php\/wp-json\/wp\/v2\/users\/4"}],"replies":[{"embeddable":true,"href":"https:\/\/vdl-dev.coodesoft.com.ar\/index.php\/wp-json\/wp\/v2\/comments?post=7061"}],"version-history":[{"count":1,"href":"https:\/\/vdl-dev.coodesoft.com.ar\/index.php\/wp-json\/wp\/v2\/posts\/7061\/revisions"}],"predecessor-version":[{"id":7062,"href":"https:\/\/vdl-dev.coodesoft.com.ar\/index.php\/wp-json\/wp\/v2\/posts\/7061\/revisions\/7062"}],"wp:attachment":[{"href":"https:\/\/vdl-dev.coodesoft.com.ar\/index.php\/wp-json\/wp\/v2\/media?parent=7061"}],"wp:term":[{"taxonomy":"category","embeddable":true,"href":"https:\/\/vdl-dev.coodesoft.com.ar\/index.php\/wp-json\/wp\/v2\/categories?post=7061"},{"taxonomy":"post_tag","embeddable":true,"href":"https:\/\/vdl-dev.coodesoft.com.ar\/index.php\/wp-json\/wp\/v2\/tags?post=7061"}],"curies":[{"name":"wp","href":"https:\/\/api.w.org\/{rel}","templated":true}]}}