{"id":7064,"date":"2023-03-15T10:42:01","date_gmt":"2023-03-15T13:42:01","guid":{"rendered":"http:\/\/vocesdellangueyu.com.ar\/?p=7064"},"modified":"2023-03-15T10:42:04","modified_gmt":"2023-03-15T13:42:04","slug":"marzo-mes-de-la-concientizacion-sobre-el-glaucoma","status":"publish","type":"post","link":"https:\/\/vdl-dev.coodesoft.com.ar\/index.php\/2023\/03\/15\/marzo-mes-de-la-concientizacion-sobre-el-glaucoma\/","title":{"rendered":"MARZO, MES DE LA CONCIENTIZACI\u00d3N SOBRE EL GLAUCOMA"},"content":{"rendered":"\n<p>El pasado domingo fue el d\u00eda mundial del Glaucoma y en marzo es el mes de la concientizaci\u00f3n sobre la enfermedad.<\/p>\n\n\n\n<p>La Asociaci\u00f3n civil de ayuda al no vidente y disminuido visual de Rauch inform\u00f3 que &#8220;el Glaucoma es una enfermedad que se produce en los ojos y lo que genera es un aumento considerable de la presi\u00f3n intraocular causando un da\u00f1o importante en el nervio \u00f3ptico, y consecuentemente en la visi\u00f3n que posee el individuo. En algunos casos provoca la p\u00e9rdida total de la visi\u00f3n&#8221;.<\/p>\n\n\n\n<p>Esta ma\u00f1ana el presidente de la entidad Julio Ardiles expres\u00f3 que &#8220;esta enfermedad no genera casi ning\u00fan s\u00edntoma&#8221; y que puede percibirse &#8220;s\u00f3lo por un poco de dolor de cabeza&#8221;.<\/p>\n\n\n\n<p>\u201cNosotros buscamos la forma de que la gente pueda hacerse un control oftalmol\u00f3gico\u201d Se\u00f1al\u00f3<\/p>\n\n\n\n<p>Recomend\u00f3 la consulta al Oftalmologo para prevenir ya que su detecci\u00f3n temprana puede frenar su avance a trav\u00e9s de tratamientos correctivos.<\/p>\n\n\n\n<p>\u201cEs un control sencillo\u201d para controlar la presi\u00f3n ocular, ya que esta enfermedad ataca el nervio \u00f3ptico y disminuye la visi\u00f3n ocular hasta llegar a la ceguera total. Detall\u00f3<\/p>\n\n\n\n<figure class=\"wp-block-audio\"><audio controls src=\"blob:http:\/\/vocesdellangueyu.com.ar\/90c8476e-23d8-4890-9ba9-1f1e7995b74f\"><\/audio><\/figure>\n","protected":false},"excerpt":{"rendered":"<p>El pasado domingo fue el d\u00eda mundial del Glaucoma y en marzo es el mes de la concientizaci\u00f3n sobre la enfermedad. La Asociaci\u00f3n civil de ayuda al no vidente y disminuido visual de Rauch inform\u00f3 que &#8220;el Glaucoma es una enfermedad que se produce en los ojos y lo que genera es un aumento considerable [&hellip;]<\/p>\n","protected":false},"author":4,"featured_media":0,"comment_status":"open","ping_status":"open","sticky":false,"template":"","format":"standard","meta":{"spay_email":"","jetpack_publicize_message":""},"categories":[1],"tags":[],"jetpack_featured_media_url":"","jetpack_publicize_connections":[],"jetpack_sharing_enabled":true,"jetpack_shortlink":"https:\/\/wp.me\/paQJuC-1PW","_links":{"self":[{"href":"https:\/\/vdl-dev.coodesoft.com.ar\/index.php\/wp-json\/wp\/v2\/posts\/7064"}],"collection":[{"href":"https:\/\/vdl-dev.coodesoft.com.ar\/index.php\/wp-json\/wp\/v2\/posts"}],"about":[{"href":"https:\/\/vdl-dev.coodesoft.com.ar\/index.php\/wp-json\/wp\/v2\/types\/post"}],"author":[{"embeddable":true,"href":"https:\/\/vdl-dev.coodesoft.com.ar\/index.php\/wp-json\/wp\/v2\/users\/4"}],"replies":[{"embeddable":true,"href":"https:\/\/vdl-dev.coodesoft.com.ar\/index.php\/wp-json\/wp\/v2\/comments?post=7064"}],"version-history":[{"count":2,"href":"https:\/\/vdl-dev.coodesoft.com.ar\/index.php\/wp-json\/wp\/v2\/posts\/7064\/revisions"}],"predecessor-version":[{"id":7066,"href":"https:\/\/vdl-dev.coodesoft.com.ar\/index.php\/wp-json\/wp\/v2\/posts\/7064\/revisions\/7066"}],"wp:attachment":[{"href":"https:\/\/vdl-dev.coodesoft.com.ar\/index.php\/wp-json\/wp\/v2\/media?parent=7064"}],"wp:term":[{"taxonomy":"category","embeddable":true,"href":"https:\/\/vdl-dev.coodesoft.com.ar\/index.php\/wp-json\/wp\/v2\/categories?post=7064"},{"taxonomy":"post_tag","embeddable":true,"href":"https:\/\/vdl-dev.coodesoft.com.ar\/index.php\/wp-json\/wp\/v2\/tags?post=7064"}],"curies":[{"name":"wp","href":"https:\/\/api.w.org\/{rel}","templated":true}]}}