{"id":7093,"date":"2023-03-21T11:08:06","date_gmt":"2023-03-21T14:08:06","guid":{"rendered":"http:\/\/vocesdellangueyu.com.ar\/?p=7093"},"modified":"2023-03-23T10:03:16","modified_gmt":"2023-03-23T13:03:16","slug":"iguacel-prometio-terminar-con-el-curro-de-la-politica-y-planea-una-provincia-con-solo-cinco-ministerios","status":"publish","type":"post","link":"https:\/\/vdl-dev.coodesoft.com.ar\/index.php\/2023\/03\/21\/iguacel-prometio-terminar-con-el-curro-de-la-politica-y-planea-una-provincia-con-solo-cinco-ministerios\/","title":{"rendered":"IGUACEL PROMETI\u00d3 TERMINAR CON EL \u201cCURRO\u201d DE LA POL\u00cdTICA Y PLANEA UNA PROVINCIA CON SOLO CINCO MINISTERIOS"},"content":{"rendered":"\n<figure class=\"wp-block-gallery has-nested-images columns-default is-cropped\">\n<figure class=\"wp-block-image size-large\"><img loading=\"lazy\" width=\"1024\" height=\"768\" data-id=\"7095\"  src=\"http:\/\/vocesdellangueyu.com.ar\/wp-content\/uploads\/2023\/03\/072ed90b-c1d8-431f-86a3-189aa02a9db6-1024x768.jpg\" alt=\"\" class=\"wp-image-7095\" srcset=\"https:\/\/vdl-dev.coodesoft.com.ar\/wp-content\/uploads\/2023\/03\/072ed90b-c1d8-431f-86a3-189aa02a9db6-1024x768.jpg 1024w, https:\/\/vdl-dev.coodesoft.com.ar\/wp-content\/uploads\/2023\/03\/072ed90b-c1d8-431f-86a3-189aa02a9db6-300x225.jpg 300w, https:\/\/vdl-dev.coodesoft.com.ar\/wp-content\/uploads\/2023\/03\/072ed90b-c1d8-431f-86a3-189aa02a9db6-768x576.jpg 768w, https:\/\/vdl-dev.coodesoft.com.ar\/wp-content\/uploads\/2023\/03\/072ed90b-c1d8-431f-86a3-189aa02a9db6.jpg 1152w\" sizes=\"(max-width: 1024px) 100vw, 1024px\" \/><\/figure>\n\n\n\n<figure class=\"wp-block-image size-large\"><img loading=\"lazy\" width=\"1024\" height=\"768\" data-id=\"7096\"  src=\"http:\/\/vocesdellangueyu.com.ar\/wp-content\/uploads\/2023\/03\/aa3a4da5-17a6-4369-bb95-f27ebab9ac5f-1024x768.jpg\" alt=\"\" class=\"wp-image-7096\" srcset=\"https:\/\/vdl-dev.coodesoft.com.ar\/wp-content\/uploads\/2023\/03\/aa3a4da5-17a6-4369-bb95-f27ebab9ac5f-1024x768.jpg 1024w, https:\/\/vdl-dev.coodesoft.com.ar\/wp-content\/uploads\/2023\/03\/aa3a4da5-17a6-4369-bb95-f27ebab9ac5f-300x225.jpg 300w, https:\/\/vdl-dev.coodesoft.com.ar\/wp-content\/uploads\/2023\/03\/aa3a4da5-17a6-4369-bb95-f27ebab9ac5f-768x576.jpg 768w, https:\/\/vdl-dev.coodesoft.com.ar\/wp-content\/uploads\/2023\/03\/aa3a4da5-17a6-4369-bb95-f27ebab9ac5f.jpg 1152w\" sizes=\"(max-width: 1024px) 100vw, 1024px\" \/><\/figure>\n<\/figure>\n\n\n\n<p>El d\u00eda viernes lleg\u00f3 a Rauch Javier Iguacel, uno de los Pre candidatos a Gobernador por el frente Juntos.<\/p>\n\n\n\n<p>Iguacel acompa\u00f1a la candidatura presidencial de Patricia Bullrich en el seno del PRO, y en la provincia de Buenos Aires deber\u00e1 competir con Diego Santilli, Cristian Ritondo, N\u00e9stor Grindetti y Joaqu\u00edn de la Torre.<\/p>\n\n\n\n<p>Adem\u00e1s se suman los de sus socios de la coalici\u00f3n por la UCR, Maximiliano Abad, Gustavo Posse y Mart\u00edn Tetaz.<\/p>\n\n\n\n<p>En su llegada a nuestra ciudad, se reuni\u00f3 con empresarios locales.<\/p>\n\n\n\n<p>El s\u00e1bado por la ma\u00f1ana se encontr\u00f3 con el Intendente Municipal Maximiliano Suescun y dirigentes de la UCR local, encabezados por su titular Daniel Arguello y posteriormente ofreci\u00f3 una conferencia de prensa en la sede del Partido del Di\u00e1logo, Garralda 480. Estuvieron presentes en la conferencia de prensa Sandra Alonso y Delfina Passeggi dos de las referentes del Partido del Di\u00e1logo y el PRO en nuestra ciudad<\/p>\n\n\n\n<p>El actual Intendente de la localidad bonaerense de Capit\u00e1n Sarmiento describi\u00f3 que se reuni\u00f3 con empresarios locales y tambi\u00e9n con \u201cvecinos comunes\u201d y adelant\u00f3 que si llega a ser Gobernador de la Provincia para acabar con \u201clos curros de la pol\u00edtica\u201d dejar\u00e1 s\u00f3lo cinco ministerios: educaci\u00f3n, seguridad, salud, trabajo y gobierno<\/p>\n\n\n\n<p>Cuando se lo consult\u00f3 a Iguacel por cu\u00e1les son los curros en la pol\u00edtica, el dirigente prioriz\u00f3 \u201cel gasto en la pol\u00edtica\u201d por lo que afirm\u00f3 que impulsar\u00e1 \u201causteridad absoluta\u201d y la prepaga IOMA que la defini\u00f3 como \u201croba la plata\u201d en los sueldos de los afiliados<\/p>\n\n\n\n<p>Dijo que la pobreza es causa de escasez de \u201calgo\u201d y si no hay \u201calgo\u201d no se puede combatir, entonces \u201chay que crearlo\u201d, y para tener riqueza \u201chay que producir\u201d<\/p>\n\n\n\n<p>Coment\u00f3 que en su gesti\u00f3n elimin\u00f3 un total de 120 impuestos entre ellos el pago de patente de un ciclomotor. Y que las tasas se pagan en un total de 95% de la sociedad porque es un servicio<\/p>\n\n\n\n<figure class=\"wp-block-audio\"><audio controls src=\"blob:http:\/\/vocesdellangueyu.com.ar\/7e859325-9e68-4388-ba7f-d74060ee9c04\"><\/audio><\/figure>\n\n\n\n<figure class=\"wp-block-audio\"><audio controls src=\"blob:http:\/\/vocesdellangueyu.com.ar\/b82d3138-d96c-48ae-b717-ec2970ff0884\"><\/audio><\/figure>\n","protected":false},"excerpt":{"rendered":"<p>El d\u00eda viernes lleg\u00f3 a Rauch Javier Iguacel, uno de los Pre candidatos a Gobernador por el frente Juntos. Iguacel acompa\u00f1a la candidatura presidencial de Patricia Bullrich en el seno del PRO, y en la provincia de Buenos Aires deber\u00e1 competir con Diego Santilli, Cristian Ritondo, N\u00e9stor Grindetti y Joaqu\u00edn de la Torre. Adem\u00e1s se [&hellip;]<\/p>\n","protected":false},"author":4,"featured_media":0,"comment_status":"open","ping_status":"open","sticky":false,"template":"","format":"standard","meta":{"spay_email":"","jetpack_publicize_message":""},"categories":[1],"tags":[],"jetpack_featured_media_url":"","jetpack_publicize_connections":[],"jetpack_sharing_enabled":true,"jetpack_shortlink":"https:\/\/wp.me\/paQJuC-1Qp","_links":{"self":[{"href":"https:\/\/vdl-dev.coodesoft.com.ar\/index.php\/wp-json\/wp\/v2\/posts\/7093"}],"collection":[{"href":"https:\/\/vdl-dev.coodesoft.com.ar\/index.php\/wp-json\/wp\/v2\/posts"}],"about":[{"href":"https:\/\/vdl-dev.coodesoft.com.ar\/index.php\/wp-json\/wp\/v2\/types\/post"}],"author":[{"embeddable":true,"href":"https:\/\/vdl-dev.coodesoft.com.ar\/index.php\/wp-json\/wp\/v2\/users\/4"}],"replies":[{"embeddable":true,"href":"https:\/\/vdl-dev.coodesoft.com.ar\/index.php\/wp-json\/wp\/v2\/comments?post=7093"}],"version-history":[{"count":2,"href":"https:\/\/vdl-dev.coodesoft.com.ar\/index.php\/wp-json\/wp\/v2\/posts\/7093\/revisions"}],"predecessor-version":[{"id":7123,"href":"https:\/\/vdl-dev.coodesoft.com.ar\/index.php\/wp-json\/wp\/v2\/posts\/7093\/revisions\/7123"}],"wp:attachment":[{"href":"https:\/\/vdl-dev.coodesoft.com.ar\/index.php\/wp-json\/wp\/v2\/media?parent=7093"}],"wp:term":[{"taxonomy":"category","embeddable":true,"href":"https:\/\/vdl-dev.coodesoft.com.ar\/index.php\/wp-json\/wp\/v2\/categories?post=7093"},{"taxonomy":"post_tag","embeddable":true,"href":"https:\/\/vdl-dev.coodesoft.com.ar\/index.php\/wp-json\/wp\/v2\/tags?post=7093"}],"curies":[{"name":"wp","href":"https:\/\/api.w.org\/{rel}","templated":true}]}}