{"id":7117,"date":"2023-03-22T11:06:57","date_gmt":"2023-03-22T14:06:57","guid":{"rendered":"http:\/\/vocesdellangueyu.com.ar\/?p=7117"},"modified":"2023-03-22T11:07:01","modified_gmt":"2023-03-22T14:07:01","slug":"cirigliano-se-dicto-seis-anos-de-condena-y-10-anos-de-inhabilitacion-para-conducir","status":"publish","type":"post","link":"https:\/\/vdl-dev.coodesoft.com.ar\/index.php\/2023\/03\/22\/cirigliano-se-dicto-seis-anos-de-condena-y-10-anos-de-inhabilitacion-para-conducir\/","title":{"rendered":"CIRIGLIANO: SE DICT\u00d3 SEIS A\u00d1OS DE CONDENA Y 10 A\u00d1OS DE INHABILITACI\u00d3N PARA CONDUCIR"},"content":{"rendered":"\n<figure class=\"wp-block-image size-full is-resized\"><img src=\"http:\/\/vocesdellangueyu.com.ar\/wp-content\/uploads\/2023\/03\/8c6faef7-0287-4063-a374-14258bb07f05-1-edited.jpg\" alt=\"\" class=\"wp-image-7120\" width=\"320\" srcset=\"https:\/\/vdl-dev.coodesoft.com.ar\/wp-content\/uploads\/2023\/03\/8c6faef7-0287-4063-a374-14258bb07f05-1-edited.jpg 442w, https:\/\/vdl-dev.coodesoft.com.ar\/wp-content\/uploads\/2023\/03\/8c6faef7-0287-4063-a374-14258bb07f05-1-edited-217x300.jpg 217w\" sizes=\"(max-width: 442px) 100vw, 442px\" \/><\/figure>\n\n\n\n<p><\/p>\n\n\n\n<p>En el d\u00eda de ayer se conoci\u00f3 la condena que dictamino el juez Dr H\u00e9ctor Torrens para Francisco Cirigliano acusado de ocasionarle la muerte a Juan Pablo Acosta Lasala, tras embestirlo con su auto en diciembre de 2020. La causa qued\u00f3 caratulada como \u201cHomicidio culposo agravado por la conducci\u00f3n imprudente y antirreglamentaria de un veh\u00edculo con motor e imprimiendo al mismo, velocidad superior a la m\u00e1xima permitida\u201d. La condena para Cirigliano se conoci\u00f3 ayer en el juzgado correccional n\u00famero 2 de la ciudad de azul, con seis a\u00f1os de prisi\u00f3n mas diez a\u00f1os de inhabilitaci\u00f3n para conducir y se orden\u00f3 la inmediata detenci\u00f3n<\/p>\n\n\n\n<p>Marcelo Acosta, pap\u00e1 de Juan Pablo Acosta manifest\u00f3 un \u201calivio para la familia porque se hizo justicia\u201d ya que se dispuso lo que correspond\u00eda<\/p>\n\n\n\n<p>Dijo que de aqu\u00ed en adelante va a poder circular por la calle m\u00e1s tranquilo sin la posibilidad de encontrar el asesino de su hijo. \u201cHa sido muy dificl todo\u201d<\/p>\n\n\n\n<p>Agreg\u00f3 \u201cestar conforme\u201d con la pena para Cirigliano, pero que espera que cambien las leyes y que esto sirve para aprender que \u201cestas cosas duelen\u201d<\/p>\n\n\n\n<p>Por ultimo dijo que \u201cahora esperar disfrutar de su familia y descansar a pesar del dolor\u201d<\/p>\n\n\n\n<figure class=\"wp-block-audio\"><audio controls src=\"http:\/\/vocesdellangueyu.com.ar\/wp-content\/uploads\/2023\/03\/22-03-23-Marcelo-Acosta-sentencia-para-Cirigliano-1.mp3\"><\/audio><\/figure>\n","protected":false},"excerpt":{"rendered":"<p>En el d\u00eda de ayer se conoci\u00f3 la condena que dictamino el juez Dr H\u00e9ctor Torrens para Francisco Cirigliano acusado de ocasionarle la muerte a Juan Pablo Acosta Lasala, tras embestirlo con su auto en diciembre de 2020. La causa qued\u00f3 caratulada como \u201cHomicidio culposo agravado por la conducci\u00f3n imprudente y antirreglamentaria de un veh\u00edculo [&hellip;]<\/p>\n","protected":false},"author":4,"featured_media":0,"comment_status":"open","ping_status":"open","sticky":false,"template":"","format":"standard","meta":{"spay_email":"","jetpack_publicize_message":""},"categories":[1],"tags":[],"jetpack_featured_media_url":"","jetpack_publicize_connections":[],"jetpack_sharing_enabled":true,"jetpack_shortlink":"https:\/\/wp.me\/paQJuC-1QN","_links":{"self":[{"href":"https:\/\/vdl-dev.coodesoft.com.ar\/index.php\/wp-json\/wp\/v2\/posts\/7117"}],"collection":[{"href":"https:\/\/vdl-dev.coodesoft.com.ar\/index.php\/wp-json\/wp\/v2\/posts"}],"about":[{"href":"https:\/\/vdl-dev.coodesoft.com.ar\/index.php\/wp-json\/wp\/v2\/types\/post"}],"author":[{"embeddable":true,"href":"https:\/\/vdl-dev.coodesoft.com.ar\/index.php\/wp-json\/wp\/v2\/users\/4"}],"replies":[{"embeddable":true,"href":"https:\/\/vdl-dev.coodesoft.com.ar\/index.php\/wp-json\/wp\/v2\/comments?post=7117"}],"version-history":[{"count":1,"href":"https:\/\/vdl-dev.coodesoft.com.ar\/index.php\/wp-json\/wp\/v2\/posts\/7117\/revisions"}],"predecessor-version":[{"id":7121,"href":"https:\/\/vdl-dev.coodesoft.com.ar\/index.php\/wp-json\/wp\/v2\/posts\/7117\/revisions\/7121"}],"wp:attachment":[{"href":"https:\/\/vdl-dev.coodesoft.com.ar\/index.php\/wp-json\/wp\/v2\/media?parent=7117"}],"wp:term":[{"taxonomy":"category","embeddable":true,"href":"https:\/\/vdl-dev.coodesoft.com.ar\/index.php\/wp-json\/wp\/v2\/categories?post=7117"},{"taxonomy":"post_tag","embeddable":true,"href":"https:\/\/vdl-dev.coodesoft.com.ar\/index.php\/wp-json\/wp\/v2\/tags?post=7117"}],"curies":[{"name":"wp","href":"https:\/\/api.w.org\/{rel}","templated":true}]}}