{"id":7135,"date":"2023-03-23T11:15:39","date_gmt":"2023-03-23T14:15:39","guid":{"rendered":"http:\/\/vocesdellangueyu.com.ar\/?p=7135"},"modified":"2023-03-23T11:15:41","modified_gmt":"2023-03-23T14:15:41","slug":"festival-en-el-club-de-miranda","status":"publish","type":"post","link":"https:\/\/vdl-dev.coodesoft.com.ar\/index.php\/2023\/03\/23\/festival-en-el-club-de-miranda\/","title":{"rendered":"FESTIVAL EN EL CLUB DE MIRANDA"},"content":{"rendered":"\n<figure class=\"wp-block-image size-large is-resized\"><img loading=\"lazy\" src=\"http:\/\/vocesdellangueyu.com.ar\/wp-content\/uploads\/2023\/03\/7d8212dd-cdb1-4fc3-acbf-f9954b18454e-724x1024.jpg\" alt=\"\" class=\"wp-image-7136\" width=\"303\" height=\"429\" srcset=\"https:\/\/vdl-dev.coodesoft.com.ar\/wp-content\/uploads\/2023\/03\/7d8212dd-cdb1-4fc3-acbf-f9954b18454e-724x1024.jpg 724w, https:\/\/vdl-dev.coodesoft.com.ar\/wp-content\/uploads\/2023\/03\/7d8212dd-cdb1-4fc3-acbf-f9954b18454e-212x300.jpg 212w, https:\/\/vdl-dev.coodesoft.com.ar\/wp-content\/uploads\/2023\/03\/7d8212dd-cdb1-4fc3-acbf-f9954b18454e-768x1086.jpg 768w, https:\/\/vdl-dev.coodesoft.com.ar\/wp-content\/uploads\/2023\/03\/7d8212dd-cdb1-4fc3-acbf-f9954b18454e-1086x1536.jpg 1086w, https:\/\/vdl-dev.coodesoft.com.ar\/wp-content\/uploads\/2023\/03\/7d8212dd-cdb1-4fc3-acbf-f9954b18454e.jpg 1131w\" sizes=\"(max-width: 303px) 100vw, 303px\" \/><\/figure>\n\n\n\n<p><\/p>\n\n\n\n<p>Este s\u00e1bado 25 de marzo se realizar\u00e1 en el club de Miranda un festival con participaciones de agrupaciones folcl\u00f3ricas, baile y concurso de pollo al disco. La entrada es libre y gratuita<\/p>\n\n\n\n<p>Miguel Allende, profesor de educaci\u00f3n f\u00edsica del CEPT N\u00b05 de Miranda brind\u00f3 detalles del evento<\/p>\n\n\n\n<p>\u201cDecidimos hacerlo en esta fecha especial porque vamos a cumplir 32 a\u00f1os de la creaci\u00f3n del CEPT n\u00famero 5\u201d Inici\u00f3<\/p>\n\n\n\n<p>Del concurso de pollo al disco puede participar quien quiera, hay 16 parejas confirmadas, se puede participar en dupla o por persona \u201cLas expectativas se cumplieron\u201d Dijo.<\/p>\n\n\n\n<p>El requisito para participar es comprar el pollo a una familia del CPT, ellos producen hace muchos a\u00f1os<\/p>\n\n\n\n<p>\u201cSe cocina en vivo a las siete de la tarde se empiezan a prender los mecheros o el fuego, y van a estar los jurados dando respuestas a esos platos \u201cSe\u00f1al\u00f3. Va haber tres parejas ganadoras y los jurados son chefs profesionales de Miranda<\/p>\n\n\n\n<p>El baile est\u00e1 previsto para las 12:00 aproximadamente con \u201cBanda Cero, despu\u00e9s las agrupaciones folcl\u00f3ricas y cantantes solistas<\/p>\n\n\n\n<p>Cerr\u00f3 diciendo que es un proyecto dise\u00f1ado para que vaya la mayor de gente posible para que siga estando \u201ccreemos en la participaci\u00f3n de la gente y agradecemos las empresas publicitarias, a la municipalidad de Rauch Y Cultura de provincia\u201d<\/p>\n\n\n\n<figure class=\"wp-block-audio\"><audio controls src=\"http:\/\/vocesdellangueyu.com.ar\/wp-content\/uploads\/2023\/03\/23-03-23-Miguel-Allende-festival-en-Miranda.mp3\"><\/audio><\/figure>\n","protected":false},"excerpt":{"rendered":"<p>Este s\u00e1bado 25 de marzo se realizar\u00e1 en el club de Miranda un festival con participaciones de agrupaciones folcl\u00f3ricas, baile y concurso de pollo al disco. La entrada es libre y gratuita Miguel Allende, profesor de educaci\u00f3n f\u00edsica del CEPT N\u00b05 de Miranda brind\u00f3 detalles del evento \u201cDecidimos hacerlo en esta fecha especial porque vamos [&hellip;]<\/p>\n","protected":false},"author":4,"featured_media":0,"comment_status":"open","ping_status":"open","sticky":false,"template":"","format":"standard","meta":{"spay_email":"","jetpack_publicize_message":""},"categories":[1],"tags":[],"jetpack_featured_media_url":"","jetpack_publicize_connections":[],"jetpack_sharing_enabled":true,"jetpack_shortlink":"https:\/\/wp.me\/paQJuC-1R5","_links":{"self":[{"href":"https:\/\/vdl-dev.coodesoft.com.ar\/index.php\/wp-json\/wp\/v2\/posts\/7135"}],"collection":[{"href":"https:\/\/vdl-dev.coodesoft.com.ar\/index.php\/wp-json\/wp\/v2\/posts"}],"about":[{"href":"https:\/\/vdl-dev.coodesoft.com.ar\/index.php\/wp-json\/wp\/v2\/types\/post"}],"author":[{"embeddable":true,"href":"https:\/\/vdl-dev.coodesoft.com.ar\/index.php\/wp-json\/wp\/v2\/users\/4"}],"replies":[{"embeddable":true,"href":"https:\/\/vdl-dev.coodesoft.com.ar\/index.php\/wp-json\/wp\/v2\/comments?post=7135"}],"version-history":[{"count":1,"href":"https:\/\/vdl-dev.coodesoft.com.ar\/index.php\/wp-json\/wp\/v2\/posts\/7135\/revisions"}],"predecessor-version":[{"id":7138,"href":"https:\/\/vdl-dev.coodesoft.com.ar\/index.php\/wp-json\/wp\/v2\/posts\/7135\/revisions\/7138"}],"wp:attachment":[{"href":"https:\/\/vdl-dev.coodesoft.com.ar\/index.php\/wp-json\/wp\/v2\/media?parent=7135"}],"wp:term":[{"taxonomy":"category","embeddable":true,"href":"https:\/\/vdl-dev.coodesoft.com.ar\/index.php\/wp-json\/wp\/v2\/categories?post=7135"},{"taxonomy":"post_tag","embeddable":true,"href":"https:\/\/vdl-dev.coodesoft.com.ar\/index.php\/wp-json\/wp\/v2\/tags?post=7135"}],"curies":[{"name":"wp","href":"https:\/\/api.w.org\/{rel}","templated":true}]}}