{"id":7295,"date":"2023-04-10T11:16:28","date_gmt":"2023-04-10T14:16:28","guid":{"rendered":"http:\/\/vocesdellangueyu.com.ar\/?p=7295"},"modified":"2023-04-10T11:16:30","modified_gmt":"2023-04-10T14:16:30","slug":"feria-de-pulgas-en-la-parroquia","status":"publish","type":"post","link":"https:\/\/vdl-dev.coodesoft.com.ar\/index.php\/2023\/04\/10\/feria-de-pulgas-en-la-parroquia\/","title":{"rendered":"FERIA DE PULGAS EN LA PARROQUIA"},"content":{"rendered":"\n<figure class=\"wp-block-image size-full is-resized\"><img loading=\"lazy\" src=\"http:\/\/vocesdellangueyu.com.ar\/wp-content\/uploads\/2023\/04\/3a272849-8b22-4f4f-bbd6-9aad6afc092e.jpg\" alt=\"\" class=\"wp-image-7296\" width=\"321\" height=\"321\" srcset=\"https:\/\/vdl-dev.coodesoft.com.ar\/wp-content\/uploads\/2023\/04\/3a272849-8b22-4f4f-bbd6-9aad6afc092e.jpg 1024w, https:\/\/vdl-dev.coodesoft.com.ar\/wp-content\/uploads\/2023\/04\/3a272849-8b22-4f4f-bbd6-9aad6afc092e-300x300.jpg 300w, https:\/\/vdl-dev.coodesoft.com.ar\/wp-content\/uploads\/2023\/04\/3a272849-8b22-4f4f-bbd6-9aad6afc092e-150x150.jpg 150w, https:\/\/vdl-dev.coodesoft.com.ar\/wp-content\/uploads\/2023\/04\/3a272849-8b22-4f4f-bbd6-9aad6afc092e-768x768.jpg 768w\" sizes=\"(max-width: 321px) 100vw, 321px\" \/><\/figure>\n\n\n\n<p><\/p>\n\n\n\n<p>\u00a0Este s\u00e1bado 15 de abril, se realizar\u00e1 en la parroquia San Pedro Ap\u00f3stol, la feria de pulgas de 15:30 a 17:00 horas. Se pondr\u00e1 a la venta diferentes accesorios y objetos del hogar<\/p>\n\n\n\n<p>Silvana Lacor\u00e9n integrante de grupo del cinerario, coment\u00f3 que los precios var\u00edan seg\u00fan los tipos de elementos, parten desde los 100 pesos en adelante, pero todo es \u201caccesible\u201d<\/p>\n\n\n\n<p>Hay adornos, roperos, electrodom\u00e9sticos, bachas para ba\u00f1o, vajilla, carteras, colecciones de revistas, libros, juguetes, cosas de bebes, changuitos, cunas, juegos de acolchados, colchones, jarros, mates, etc.<\/p>\n\n\n\n<p>La gente que quiera donar se puede acercar a la parroquia de 10 a 12 en la secretar\u00eda parroquial o se puede acordar de retirar por la casa de la persona<\/p>\n\n\n\n<p>Dijo que las ferias virtuales se realizan a trav\u00e9s de la pagina de Facebook: Feria de pulgas Rauch, all\u00ed se sube todo el contenido que est\u00e1 a la venta<\/p>\n\n\n\n<p>\u201cSomos muy agradecidos con el que nos dona y con el que nos compra\u201d Se\u00f1al\u00f3<\/p>\n\n\n\n<p>Lo recaudado es para el mantenimiento del templo parroquial<\/p>\n\n\n\n<figure class=\"wp-block-audio\"><audio controls src=\"blob:http:\/\/vocesdellangueyu.com.ar\/de856822-3c38-41c8-8dd3-9d2d40c54199\"><\/audio><\/figure>\n\n\n\n<figure class=\"wp-block-audio\"><audio controls src=\"blob:http:\/\/vocesdellangueyu.com.ar\/da31ce05-d804-448c-be87-1328b0af6788\"><\/audio><\/figure>\n","protected":false},"excerpt":{"rendered":"<p>\u00a0Este s\u00e1bado 15 de abril, se realizar\u00e1 en la parroquia San Pedro Ap\u00f3stol, la feria de pulgas de 15:30 a 17:00 horas. Se pondr\u00e1 a la venta diferentes accesorios y objetos del hogar Silvana Lacor\u00e9n integrante de grupo del cinerario, coment\u00f3 que los precios var\u00edan seg\u00fan los tipos de elementos, parten desde los 100 pesos [&hellip;]<\/p>\n","protected":false},"author":4,"featured_media":0,"comment_status":"open","ping_status":"open","sticky":false,"template":"","format":"standard","meta":{"spay_email":"","jetpack_publicize_message":""},"categories":[1],"tags":[],"jetpack_featured_media_url":"","jetpack_publicize_connections":[],"jetpack_sharing_enabled":true,"jetpack_shortlink":"https:\/\/wp.me\/paQJuC-1TF","_links":{"self":[{"href":"https:\/\/vdl-dev.coodesoft.com.ar\/index.php\/wp-json\/wp\/v2\/posts\/7295"}],"collection":[{"href":"https:\/\/vdl-dev.coodesoft.com.ar\/index.php\/wp-json\/wp\/v2\/posts"}],"about":[{"href":"https:\/\/vdl-dev.coodesoft.com.ar\/index.php\/wp-json\/wp\/v2\/types\/post"}],"author":[{"embeddable":true,"href":"https:\/\/vdl-dev.coodesoft.com.ar\/index.php\/wp-json\/wp\/v2\/users\/4"}],"replies":[{"embeddable":true,"href":"https:\/\/vdl-dev.coodesoft.com.ar\/index.php\/wp-json\/wp\/v2\/comments?post=7295"}],"version-history":[{"count":2,"href":"https:\/\/vdl-dev.coodesoft.com.ar\/index.php\/wp-json\/wp\/v2\/posts\/7295\/revisions"}],"predecessor-version":[{"id":7300,"href":"https:\/\/vdl-dev.coodesoft.com.ar\/index.php\/wp-json\/wp\/v2\/posts\/7295\/revisions\/7300"}],"wp:attachment":[{"href":"https:\/\/vdl-dev.coodesoft.com.ar\/index.php\/wp-json\/wp\/v2\/media?parent=7295"}],"wp:term":[{"taxonomy":"category","embeddable":true,"href":"https:\/\/vdl-dev.coodesoft.com.ar\/index.php\/wp-json\/wp\/v2\/categories?post=7295"},{"taxonomy":"post_tag","embeddable":true,"href":"https:\/\/vdl-dev.coodesoft.com.ar\/index.php\/wp-json\/wp\/v2\/tags?post=7295"}],"curies":[{"name":"wp","href":"https:\/\/api.w.org\/{rel}","templated":true}]}}