{"id":8700,"date":"2023-10-03T15:33:37","date_gmt":"2023-10-03T18:33:37","guid":{"rendered":"http:\/\/vocesdellangueyu.com.ar\/?p=8700"},"modified":"2023-10-03T15:33:47","modified_gmt":"2023-10-03T18:33:47","slug":"morales-sobre-el-hogar-de-discapacidad-venimos-trabajando-muy-bien","status":"publish","type":"post","link":"https:\/\/vdl-dev.coodesoft.com.ar\/index.php\/2023\/10\/03\/morales-sobre-el-hogar-de-discapacidad-venimos-trabajando-muy-bien\/","title":{"rendered":"MORALES SOBRE EL HOGAR DE DISCAPACIDAD: \u201cVENIMOS TRABAJANDO MUY BIEN\u201d"},"content":{"rendered":"\n<figure class=\"wp-block-image size-full\"><img loading=\"lazy\" width=\"822\" height=\"491\" src=\"http:\/\/vocesdellangueyu.com.ar\/wp-content\/uploads\/2023\/10\/IMG-20231003-WA0107.jpg\" alt=\"\" class=\"wp-image-8701\" srcset=\"https:\/\/vdl-dev.coodesoft.com.ar\/wp-content\/uploads\/2023\/10\/IMG-20231003-WA0107.jpg 822w, https:\/\/vdl-dev.coodesoft.com.ar\/wp-content\/uploads\/2023\/10\/IMG-20231003-WA0107-300x179.jpg 300w, https:\/\/vdl-dev.coodesoft.com.ar\/wp-content\/uploads\/2023\/10\/IMG-20231003-WA0107-768x459.jpg 768w\" sizes=\"(max-width: 822px) 100vw, 822px\" \/><\/figure>\n\n\n\n<p>Aldana Morales, Directora de Discapacidad del Municipio, en el marco de la Semana de la No Discriminaci\u00f3n inform\u00f3 que hay 8 personas que ya residen en el Hogar para Personas con Discapacidad<br>Coment\u00f3 que pr\u00f3ximamente va a haber dos nuevos ingresos y que tienen un equipo de trabajo \u201cponen todo d\u00eda a d\u00eda\u201d para poder \u201cgarantizar todas las necesidades a las personas que asisten\u201d<br>Dijo que vienen trabajando \u201cmuy bien\u201d, est\u00e1n \u201ctodos contentos\u201d y que en la semana realizan diferentes actividades fuera del hogar<br>\u201cA medida que te vaya incrementando el n\u00famero de residentes se va a incrementar el personal de trabajo de la instituci\u00f3n\u201d cerr\u00f3 <\/p>\n","protected":false},"excerpt":{"rendered":"<p>Aldana Morales, Directora de Discapacidad del Municipio, en el marco de la Semana de la No Discriminaci\u00f3n inform\u00f3 que hay 8 personas que ya residen en el Hogar para Personas con DiscapacidadComent\u00f3 que pr\u00f3ximamente va a haber dos nuevos ingresos y que tienen un equipo de trabajo \u201cponen todo d\u00eda a d\u00eda\u201d para poder \u201cgarantizar [&hellip;]<\/p>\n","protected":false},"author":4,"featured_media":0,"comment_status":"open","ping_status":"open","sticky":false,"template":"","format":"standard","meta":{"spay_email":"","jetpack_publicize_message":""},"categories":[1],"tags":[],"jetpack_featured_media_url":"","jetpack_publicize_connections":[],"jetpack_sharing_enabled":true,"jetpack_shortlink":"https:\/\/wp.me\/paQJuC-2gk","_links":{"self":[{"href":"https:\/\/vdl-dev.coodesoft.com.ar\/index.php\/wp-json\/wp\/v2\/posts\/8700"}],"collection":[{"href":"https:\/\/vdl-dev.coodesoft.com.ar\/index.php\/wp-json\/wp\/v2\/posts"}],"about":[{"href":"https:\/\/vdl-dev.coodesoft.com.ar\/index.php\/wp-json\/wp\/v2\/types\/post"}],"author":[{"embeddable":true,"href":"https:\/\/vdl-dev.coodesoft.com.ar\/index.php\/wp-json\/wp\/v2\/users\/4"}],"replies":[{"embeddable":true,"href":"https:\/\/vdl-dev.coodesoft.com.ar\/index.php\/wp-json\/wp\/v2\/comments?post=8700"}],"version-history":[{"count":1,"href":"https:\/\/vdl-dev.coodesoft.com.ar\/index.php\/wp-json\/wp\/v2\/posts\/8700\/revisions"}],"predecessor-version":[{"id":8702,"href":"https:\/\/vdl-dev.coodesoft.com.ar\/index.php\/wp-json\/wp\/v2\/posts\/8700\/revisions\/8702"}],"wp:attachment":[{"href":"https:\/\/vdl-dev.coodesoft.com.ar\/index.php\/wp-json\/wp\/v2\/media?parent=8700"}],"wp:term":[{"taxonomy":"category","embeddable":true,"href":"https:\/\/vdl-dev.coodesoft.com.ar\/index.php\/wp-json\/wp\/v2\/categories?post=8700"},{"taxonomy":"post_tag","embeddable":true,"href":"https:\/\/vdl-dev.coodesoft.com.ar\/index.php\/wp-json\/wp\/v2\/tags?post=8700"}],"curies":[{"name":"wp","href":"https:\/\/api.w.org\/{rel}","templated":true}]}}