{"id":8792,"date":"2023-10-23T14:28:08","date_gmt":"2023-10-23T17:28:08","guid":{"rendered":"https:\/\/vocesdellangueyu.com.ar\/?p=8792"},"modified":"2023-10-23T14:28:11","modified_gmt":"2023-10-23T17:28:11","slug":"suescun-me-siento-bendecido","status":"publish","type":"post","link":"https:\/\/vdl-dev.coodesoft.com.ar\/index.php\/2023\/10\/23\/suescun-me-siento-bendecido\/","title":{"rendered":"SUESCUN: \u201cME SIENTO BENDECIDO\u201d"},"content":{"rendered":"\n<figure class=\"wp-block-gallery has-nested-images columns-default is-cropped\">\n<figure class=\"wp-block-image size-large\"><img loading=\"lazy\" width=\"1024\" height=\"635\" data-id=\"8793\"  src=\"https:\/\/vocesdellangueyu.com.ar\/wp-content\/uploads\/2023\/10\/IMG-20231023-WA0062-1024x635.jpg\" alt=\"\" class=\"wp-image-8793\" srcset=\"https:\/\/vdl-dev.coodesoft.com.ar\/wp-content\/uploads\/2023\/10\/IMG-20231023-WA0062-1024x635.jpg 1024w, https:\/\/vdl-dev.coodesoft.com.ar\/wp-content\/uploads\/2023\/10\/IMG-20231023-WA0062-300x186.jpg 300w, https:\/\/vdl-dev.coodesoft.com.ar\/wp-content\/uploads\/2023\/10\/IMG-20231023-WA0062-768x476.jpg 768w, https:\/\/vdl-dev.coodesoft.com.ar\/wp-content\/uploads\/2023\/10\/IMG-20231023-WA0062-1536x952.jpg 1536w, https:\/\/vdl-dev.coodesoft.com.ar\/wp-content\/uploads\/2023\/10\/IMG-20231023-WA0062-1200x744.jpg 1200w, https:\/\/vdl-dev.coodesoft.com.ar\/wp-content\/uploads\/2023\/10\/IMG-20231023-WA0062.jpg 1600w\" sizes=\"(max-width: 1024px) 100vw, 1024px\" \/><\/figure>\n<\/figure>\n\n\n\n<p>Cuando faltaban los resultados de las \u00faltimas mesas, y el resultado era irreversible, el Intendente Maximiliano Suescun expresaba \u201cme siento absolutamente bendecido y agradecido\u201d por \u201cpoder ser elegido por tercera vez para conducirlos destinos de su pueblo\u2026 no tiene precio\u201d dijo en el mensaje que le dejaba a la militancia presente en la sede de campa\u00f1a, en la esquina de avenidas San Mart\u00edn e Irigoyen<\/p>\n\n\n\n<p>\u201cCon tranquilidad, con serenidad, con humildad, tomaremos todo lo bueno de este resultado\u201d y \u201ctodas las cuestiones que tengamos que rever\u2026 hacer cosas que no hemos hecho, reafirmar las que venimos haciendo y bien, las que tengamos que corregir\u201d se\u00f1al\u00f3<br>Agradeci\u00f3 a los militantes, a los fiscales y a los concejales del partido<\/p>\n\n\n\n<p><\/p>\n\n\n\n<p><\/p>\n","protected":false},"excerpt":{"rendered":"<p>Cuando faltaban los resultados de las \u00faltimas mesas, y el resultado era irreversible, el Intendente Maximiliano Suescun expresaba \u201cme siento absolutamente bendecido y agradecido\u201d por \u201cpoder ser elegido por tercera vez para conducirlos destinos de su pueblo\u2026 no tiene precio\u201d dijo en el mensaje que le dejaba a la militancia presente en la sede de [&hellip;]<\/p>\n","protected":false},"author":4,"featured_media":0,"comment_status":"open","ping_status":"open","sticky":false,"template":"","format":"standard","meta":{"spay_email":"","jetpack_publicize_message":""},"categories":[1],"tags":[],"jetpack_featured_media_url":"","jetpack_publicize_connections":[],"jetpack_sharing_enabled":true,"jetpack_shortlink":"https:\/\/wp.me\/paQJuC-2hO","_links":{"self":[{"href":"https:\/\/vdl-dev.coodesoft.com.ar\/index.php\/wp-json\/wp\/v2\/posts\/8792"}],"collection":[{"href":"https:\/\/vdl-dev.coodesoft.com.ar\/index.php\/wp-json\/wp\/v2\/posts"}],"about":[{"href":"https:\/\/vdl-dev.coodesoft.com.ar\/index.php\/wp-json\/wp\/v2\/types\/post"}],"author":[{"embeddable":true,"href":"https:\/\/vdl-dev.coodesoft.com.ar\/index.php\/wp-json\/wp\/v2\/users\/4"}],"replies":[{"embeddable":true,"href":"https:\/\/vdl-dev.coodesoft.com.ar\/index.php\/wp-json\/wp\/v2\/comments?post=8792"}],"version-history":[{"count":1,"href":"https:\/\/vdl-dev.coodesoft.com.ar\/index.php\/wp-json\/wp\/v2\/posts\/8792\/revisions"}],"predecessor-version":[{"id":8794,"href":"https:\/\/vdl-dev.coodesoft.com.ar\/index.php\/wp-json\/wp\/v2\/posts\/8792\/revisions\/8794"}],"wp:attachment":[{"href":"https:\/\/vdl-dev.coodesoft.com.ar\/index.php\/wp-json\/wp\/v2\/media?parent=8792"}],"wp:term":[{"taxonomy":"category","embeddable":true,"href":"https:\/\/vdl-dev.coodesoft.com.ar\/index.php\/wp-json\/wp\/v2\/categories?post=8792"},{"taxonomy":"post_tag","embeddable":true,"href":"https:\/\/vdl-dev.coodesoft.com.ar\/index.php\/wp-json\/wp\/v2\/tags?post=8792"}],"curies":[{"name":"wp","href":"https:\/\/api.w.org\/{rel}","templated":true}]}}