{"id":8946,"date":"2023-11-09T14:34:53","date_gmt":"2023-11-09T17:34:53","guid":{"rendered":"https:\/\/vocesdellangueyu.com.ar\/?p=8946"},"modified":"2023-11-09T14:35:01","modified_gmt":"2023-11-09T17:35:01","slug":"se-inaugura-la-obra-de-agua-potable-para-villa-burgos","status":"publish","type":"post","link":"https:\/\/vdl-dev.coodesoft.com.ar\/index.php\/2023\/11\/09\/se-inaugura-la-obra-de-agua-potable-para-villa-burgos\/","title":{"rendered":"SE INAUGURA LA OBRA DE AGUA POTABLE PARA VILLA BURGOS"},"content":{"rendered":"\n<figure class=\"wp-block-image size-large\"><img loading=\"lazy\" width=\"1024\" height=\"1024\" src=\"https:\/\/vocesdellangueyu.com.ar\/wp-content\/uploads\/2023\/11\/IMG-20231109-WA0135-1024x1024.jpg\" alt=\"\" class=\"wp-image-8947\" srcset=\"https:\/\/vdl-dev.coodesoft.com.ar\/wp-content\/uploads\/2023\/11\/IMG-20231109-WA0135-1024x1024.jpg 1024w, https:\/\/vdl-dev.coodesoft.com.ar\/wp-content\/uploads\/2023\/11\/IMG-20231109-WA0135-300x300.jpg 300w, https:\/\/vdl-dev.coodesoft.com.ar\/wp-content\/uploads\/2023\/11\/IMG-20231109-WA0135-150x150.jpg 150w, https:\/\/vdl-dev.coodesoft.com.ar\/wp-content\/uploads\/2023\/11\/IMG-20231109-WA0135-768x768.jpg 768w, https:\/\/vdl-dev.coodesoft.com.ar\/wp-content\/uploads\/2023\/11\/IMG-20231109-WA0135.jpg 1080w\" sizes=\"(max-width: 1024px) 100vw, 1024px\" \/><\/figure>\n\n\n\n<p>Se inaugurar\u00e1 hoy la obra de las conexiones domiciliarias de agua potable en Villa Burgos a trav\u00e9s del bombeo solar que financi\u00f3 el Organismo Provincial de Integraci\u00f3n Socio Urbana (OPISU), con varias acciones que comenzar\u00e1n a las 14 horas.<br>La invitaci\u00f3n la realiz\u00f3 el Movimiento Mayo Rauch, y la Central de los Trabajadores de la Argentina (CTA) Regional Arbolito, que anuncia la actividad \u201cproyectos que transforman la realidad\u201d, que se extender\u00e1 hasta las 17.30 horas.<br>Daniel Mar\u00edn, Secretario Adjunto de la CTA Regional Arbolito, explic\u00f3 que la obra se finaliz\u00f3 y son 12 las primeras familias beneficiadas<br>\u201cEl servicio ya est\u00e1 a disposici\u00f3n, ya se est\u00e1 usando. En el acto de hoy van a venir t\u00e9cnicos del organismo que van a estar chequeando que la obra este bien\u201d indic\u00f3<\/p>\n","protected":false},"excerpt":{"rendered":"<p>Se inaugurar\u00e1 hoy la obra de las conexiones domiciliarias de agua potable en Villa Burgos a trav\u00e9s del bombeo solar que financi\u00f3 el Organismo Provincial de Integraci\u00f3n Socio Urbana (OPISU), con varias acciones que comenzar\u00e1n a las 14 horas.La invitaci\u00f3n la realiz\u00f3 el Movimiento Mayo Rauch, y la Central de los Trabajadores de la Argentina [&hellip;]<\/p>\n","protected":false},"author":4,"featured_media":0,"comment_status":"open","ping_status":"open","sticky":false,"template":"","format":"standard","meta":{"spay_email":"","jetpack_publicize_message":""},"categories":[1],"tags":[],"jetpack_featured_media_url":"","jetpack_publicize_connections":[],"jetpack_sharing_enabled":true,"jetpack_shortlink":"https:\/\/wp.me\/paQJuC-2ki","_links":{"self":[{"href":"https:\/\/vdl-dev.coodesoft.com.ar\/index.php\/wp-json\/wp\/v2\/posts\/8946"}],"collection":[{"href":"https:\/\/vdl-dev.coodesoft.com.ar\/index.php\/wp-json\/wp\/v2\/posts"}],"about":[{"href":"https:\/\/vdl-dev.coodesoft.com.ar\/index.php\/wp-json\/wp\/v2\/types\/post"}],"author":[{"embeddable":true,"href":"https:\/\/vdl-dev.coodesoft.com.ar\/index.php\/wp-json\/wp\/v2\/users\/4"}],"replies":[{"embeddable":true,"href":"https:\/\/vdl-dev.coodesoft.com.ar\/index.php\/wp-json\/wp\/v2\/comments?post=8946"}],"version-history":[{"count":1,"href":"https:\/\/vdl-dev.coodesoft.com.ar\/index.php\/wp-json\/wp\/v2\/posts\/8946\/revisions"}],"predecessor-version":[{"id":8948,"href":"https:\/\/vdl-dev.coodesoft.com.ar\/index.php\/wp-json\/wp\/v2\/posts\/8946\/revisions\/8948"}],"wp:attachment":[{"href":"https:\/\/vdl-dev.coodesoft.com.ar\/index.php\/wp-json\/wp\/v2\/media?parent=8946"}],"wp:term":[{"taxonomy":"category","embeddable":true,"href":"https:\/\/vdl-dev.coodesoft.com.ar\/index.php\/wp-json\/wp\/v2\/categories?post=8946"},{"taxonomy":"post_tag","embeddable":true,"href":"https:\/\/vdl-dev.coodesoft.com.ar\/index.php\/wp-json\/wp\/v2\/tags?post=8946"}],"curies":[{"name":"wp","href":"https:\/\/api.w.org\/{rel}","templated":true}]}}