{"id":993,"date":"2020-09-02T17:01:32","date_gmt":"2020-09-02T20:01:32","guid":{"rendered":"http:\/\/vocesdellangueyu.com.ar\/?p=993"},"modified":"2020-09-02T17:07:55","modified_gmt":"2020-09-02T20:07:55","slug":"sancionan-la-creacion-de-las-tareas-comunitarias-para-que-familias-con-carencias-puedan-devolver-con-trabajo-la-ayuda-del-municipio","status":"publish","type":"post","link":"https:\/\/vdl-dev.coodesoft.com.ar\/index.php\/2020\/09\/02\/sancionan-la-creacion-de-las-tareas-comunitarias-para-que-familias-con-carencias-puedan-devolver-con-trabajo-la-ayuda-del-municipio\/","title":{"rendered":"SANCIONAN LA CREACI\u00d3N DE LAS \u201cTAREAS COMUNITARIAS\u201d PARA QUE FAMILIAS CON CARENCIAS PUEDAN DEVOLVER CON TRABAJO LA AYUDA DEL MUNICIPIO"},"content":{"rendered":"\n<figure class=\"wp-block-audio\"><audio controls src=\"https:\/\/vocesdellangueyu.com.ar\/wp-content\/uploads\/2020\/09\/2-09-Mar\u00eda-Lamarche-tareas-comunitarias0.mp3\"><\/audio><figcaption>Mar\u00eda Lamarche, Concejal Frente de Todos<\/figcaption><\/figure>\n\n\n\n<figure class=\"wp-block-audio\"><audio controls src=\"https:\/\/vocesdellangueyu.com.ar\/wp-content\/uploads\/2020\/09\/2-09-Debora-Gutierrez-tareas-comunitarias0.mp3\"><\/audio><figcaption>D\u00e9bora Guiti\u00e9rrez Concejal<\/figcaption><\/figure>\n\n\n\n<figure class=\"wp-block-audio\"><audio controls src=\"https:\/\/vocesdellangueyu.com.ar\/wp-content\/uploads\/2020\/09\/2-09-Lucrecua-Herrer\u00eda-tareas-comunitarias0.mp3\"><\/audio><figcaption>Lucrecia Herrer\u00eda, Cambiemos<\/figcaption><\/figure>\n\n\n\n<p>El Concejo Deliberante sancion\u00f3\npor unanimidad la Ordenanza\nque crea la figura de \u201cTareas Comunitarias\u201d en el \u00e1mbito local, que tiende a que\nquienes reciban alg\u00fan tipo de acompa\u00f1amiento econ\u00f3mico del Municipio, para\nhacer frente a urgencias como la refacci\u00f3n de viviendas, el pago de alquileres\no de servicios esenciales, puedan devolverlo realizando diferentes tipos de\ntareas, de acuerdo a sus conocimientos.<\/p>\n\n\n\n<p>La Presidenta del bloque de\nCambiemos Lucrecia Herrer\u00eda explic\u00f3 los alcances de la iniciativa, que estar\u00e1\ncoordinada por la Secretar\u00eda de Desarrollo Humano y Familiar, quien tendr\u00e1 a su\ncargo la selecci\u00f3n de proyectos que desarrollar\u00e1n quienes ingresen al programa,\nque ser\u00e1 voluntario, los requisitos que deben cumplir y la evaluaci\u00f3n de los\nproyectos o pedidos que se realicen y dar cumplimiento a lo que establece la\nordenanza.<\/p>\n\n\n\n<p>Esta ordenanza es \u201cun esquema de colaboraci\u00f3n mutua y solidaria\u201d que\nse materializa por el contexto que estamos viviendo, el agravamiento de la\nsituaci\u00f3n social por la pandemia.<\/p>\n\n\n\n<p>Dicho proyecto es &nbsp;para personas\nque \u201cno llegan a pagar el alquiler o las facturas de luz o gas\u201d.<\/p>\n\n\n\n<p>Herrer\u00eda dijo que impulsan la iniciativa para \u201cpromover a las\npersonas, trabajar desde lo humano y acompa\u00f1arlos desde la solidaridad \u2026 la\nidea es que se siga acompa\u00f1ando a las personas promocionando el trabajo que\nrealizan. Los va a ayudar a sentirse \u00fatiles y ser parte de la comunidad, saben\nque eso que se les da, lo pueden devolver de alguna manera con tareas\ncomunitarias\u2026 que se sientan \u00fatiles en sus familias estimularlos a que salgan\u2026\u201d<\/p>\n\n\n\n<p>\u201cDesde lo psicol\u00f3gico y espiritual va a ser un proyecto que va a\nayudar mucho a nuestra comunidad\u201d.<\/p>\n\n\n\n<p>Mar\u00eda Lamarche, Presidenta del Bloque Frente de Todos se\u00f1al\u00f3 que es un\nproyecto que \u201cmarca una realidad social que es cruel, que existe y la\nresponsabilidad de la situaci\u00f3n que atraviesan muchas familias de nuestra\ndistritos no es responsabilidad de ellos y la salida que encuentran es\nsolicitar la ayuda social\u2026 Se trata de un n\u00facleo de familias que no encuentran\npromoci\u00f3n a trav\u00e9s del trabajo\u2026 que es lo que necesitan para salir de esa\nsituaci\u00f3n de pobreza o de indigencia. La soluci\u00f3n concreta viene de la&nbsp; mano del trabajo digno\u201d.<\/p>\n\n\n\n<p>Lamarche sostuvo que la problem\u00e1tica de la falta de trabajo \u201ceste\nproyecto no lo resuelve&#8230; en todo caso alarga esa agon\u00eda mes a mes, es una\nforma de dilatar una situaci\u00f3n angustiante que viven las familias \u2026 estas\nfamilias se constituyen en colaboradores del Municipio\u201d que es quien deber\u00eda\nresolver la situaci\u00f3n de vulnerabilidad.<\/p>\n\n\n\n<p>La Concejal expres\u00f3 que le \u201cangustia\u201d que cada vez son m\u00e1s los que\ndependen del acompa\u00f1amiento del Municipio en cosas b\u00e1sicas como los alimentos,\nse\u00f1al\u00f3 que como parte de la clase pol\u00edtica \u201csomos los que tendr\u00edamos que\nresolver la cuesti\u00f3n de fondo\u201d.<\/p>\n\n\n\n<p>Lamarche record\u00f3 que desde su bloque hab\u00edan pedido que se agregue un\nart\u00edculo al proyecto, dicho art\u00edculo era para que peri\u00f3dicamente se elevara\ndesde el Ejecutivo un listado con quienes se incorporaran al programa, que\nfinalmente no fue aceptado por el oficialismo.<\/p>\n\n\n\n<p>El Gobierno \u201cse autoproclama moderno, activo, democr\u00e1tico abierto\u2026 y\nno nos pueden aceptar un simple aporte para una ordenanza que no viene a\ntransformar la vida como sujetos de derecho sino que viene a dar una mano para\nquienes m\u00e1s lo necesitan\u201d, afirm\u00f3 la Concejal del Frente de Todos.<\/p>\n\n\n\n<p>D\u00e9bora Guti\u00e9rrez, Concejal dijo que hay que buscar alternativas o\nsolucines para que \u201clas personas con el tiempo no queden ancladas porque\nestar\u00edamos hablando de trabajo precarizado\u201d y puso como ejemplo que \u201chay\ntrabajadores con Promes (Programa Municipal de Empleo) desde hace m\u00e1s de 10\na\u00f1os\u201d<\/p>\n\n\n\n<p>&nbsp;Guiti\u00e9rrez se\u00f1al\u00f3 que la\ncontraprestaci\u00f3n tiene que ver con falta de trabajo genuino porque quienes van\na cumplir con las \u201ctareas comunitarias\u201d ser\u00edan aquellas personas que no tienen\nhorario de empleo pago.<\/p>\n\n\n\n<p>\u201cLa direcci\u00f3n de g\u00e9nero y diversidad tendr\u00eda que cumplir un rol\nfundamental para que quienes vayan a cumplir con las tareas no sean \u00fanicamente las\nmujeres\u201d.<\/p>\n","protected":false},"excerpt":{"rendered":"<p>El Concejo Deliberante sancion\u00f3 por unanimidad la Ordenanza que crea la figura de \u201cTareas Comunitarias\u201d en el \u00e1mbito local, que tiende a que quienes reciban alg\u00fan tipo de acompa\u00f1amiento econ\u00f3mico del Municipio, para hacer frente a urgencias como la refacci\u00f3n de viviendas, el pago de alquileres o de servicios esenciales, puedan devolverlo realizando diferentes tipos [&hellip;]<\/p>\n","protected":false},"author":4,"featured_media":982,"comment_status":"open","ping_status":"open","sticky":false,"template":"","format":"standard","meta":{"spay_email":"","jetpack_publicize_message":""},"categories":[17,11],"tags":[],"jetpack_featured_media_url":"https:\/\/vdl-dev.coodesoft.com.ar\/wp-content\/uploads\/2020\/09\/Maria-Lamarche-2.jpeg","jetpack_publicize_connections":[],"jetpack_sharing_enabled":true,"jetpack_shortlink":"https:\/\/wp.me\/paQJuC-g1","_links":{"self":[{"href":"https:\/\/vdl-dev.coodesoft.com.ar\/index.php\/wp-json\/wp\/v2\/posts\/993"}],"collection":[{"href":"https:\/\/vdl-dev.coodesoft.com.ar\/index.php\/wp-json\/wp\/v2\/posts"}],"about":[{"href":"https:\/\/vdl-dev.coodesoft.com.ar\/index.php\/wp-json\/wp\/v2\/types\/post"}],"author":[{"embeddable":true,"href":"https:\/\/vdl-dev.coodesoft.com.ar\/index.php\/wp-json\/wp\/v2\/users\/4"}],"replies":[{"embeddable":true,"href":"https:\/\/vdl-dev.coodesoft.com.ar\/index.php\/wp-json\/wp\/v2\/comments?post=993"}],"version-history":[{"count":2,"href":"https:\/\/vdl-dev.coodesoft.com.ar\/index.php\/wp-json\/wp\/v2\/posts\/993\/revisions"}],"predecessor-version":[{"id":999,"href":"https:\/\/vdl-dev.coodesoft.com.ar\/index.php\/wp-json\/wp\/v2\/posts\/993\/revisions\/999"}],"wp:featuredmedia":[{"embeddable":true,"href":"https:\/\/vdl-dev.coodesoft.com.ar\/index.php\/wp-json\/wp\/v2\/media\/982"}],"wp:attachment":[{"href":"https:\/\/vdl-dev.coodesoft.com.ar\/index.php\/wp-json\/wp\/v2\/media?parent=993"}],"wp:term":[{"taxonomy":"category","embeddable":true,"href":"https:\/\/vdl-dev.coodesoft.com.ar\/index.php\/wp-json\/wp\/v2\/categories?post=993"},{"taxonomy":"post_tag","embeddable":true,"href":"https:\/\/vdl-dev.coodesoft.com.ar\/index.php\/wp-json\/wp\/v2\/tags?post=993"}],"curies":[{"name":"wp","href":"https:\/\/api.w.org\/{rel}","templated":true}]}}